{"id":994,"date":"2019-03-20T19:24:09","date_gmt":"2019-03-20T22:24:09","guid":{"rendered":"https:\/\/www.fbvcursos.com\/blog\/?p=994"},"modified":"2019-03-20T19:24:14","modified_gmt":"2019-03-20T22:24:14","slug":"provas-do-enem-2019","status":"publish","type":"post","link":"https:\/\/www.unovacursos.com.br\/blog\/provas-do-enem-2019","title":{"rendered":"Provas do Enem 2019 ocorrer\u00e3o em novembro"},"content":{"rendered":"\n<p>O Exame Nacional do Ensino M\u00e9dio (<a href=\"https:\/\/www.vestibulandoweb.com.br\/educacao\/enem\/enem\/\" target=\"_blank\" rel=\"noreferrer noopener\" aria-label=\" (opens in a new tab)\">Enem<\/a>), edi\u00e7\u00e3o 2019, j\u00e1 teve seu cronograma divulgado. A partir de agora os estudantes precisam ficar atentos e dedicar ao planejamento de seus estudos. As provas do exame deste ano ser\u00e3o aplicadas nos dias 03 e 10 de novembro.<\/p>\n\n\n\n<h2 class=\"wp-block-heading\"><strong>Isen\u00e7\u00e3o da taxa de\ninscri\u00e7\u00e3o<\/strong><\/h2>\n\n\n\n<p>Durante o per\u00edodo de 1\u00ba a 10 de abril os estudantes que\ndesejarem solicitar isen\u00e7\u00e3o da taxa de inscri\u00e7\u00e3o do Enem 2019 poder\u00e3o acessar o\nsite do Enem e realizar essa solicita\u00e7\u00e3o. Esse mesmo per\u00edodo ser\u00e1 usado para\nque aqueles estudantes que foram beneficiados com a isen\u00e7\u00e3o no Enem 2018 mas\nn\u00e3o compareceram poderem justificar a aus\u00eancia no exame.<\/p>\n\n\n\n<h2 class=\"wp-block-heading\"><strong>Inscri\u00e7\u00f5es no Enem\n2019<\/strong><\/h2>\n\n\n\n<p>Os candidatos interessados em participar do exame nacional este ano dever\u00e3o efetuar suas <a href=\"https:\/\/www.blogdovestibular.com\/enem-2019\/enem-2019-isencao-de-taxa.html\" target=\"_blank\" rel=\"noreferrer noopener\" aria-label=\" (opens in a new tab)\">inscri\u00e7\u00f5es no Enem 2019<\/a> no per\u00edodo de 6 a 17 de maio. \u00c9 importante que os candidatos fiquem atentos pois \u00e9 o \u00fanico per\u00edodo no qual os estudantes poder\u00e3o se inscrever. Quem perder esse prazo n\u00e3o poder\u00e1, por exemplo, participar do Sistema de Sele\u00e7\u00e3o Unificada (Sisu) ou do Programa Universidade Para Todos (Prouni) no pr\u00f3ximo ano.<\/p>\n\n\n\n<p>As notas obtidas pelos candidatos no Enem 2019 poder\u00e3o ser\nusadas de forma a concorrer a uma vaga em institui\u00e7\u00e3o p\u00fablica de ensino pelo\nSisu, ou concorrer a uma bolsa seja ela parcial ou integral no Prouni, ou ainda\nsolicitar financiamento estudantil via Fies.<\/p>\n\n\n\n<h2 class=\"wp-block-heading\"><strong>Resultado do Enem 2019<\/strong><\/h2>\n\n\n\n<figure class=\"wp-block-image\"><img loading=\"lazy\" decoding=\"async\" width=\"800\" height=\"571\" src=\"https:\/\/www.fbvcursos.com\/blog\/wp-content\/uploads\/2019\/03\/resultado-do-enem-1.jpg\" alt=\"resultado do enem\" class=\"wp-image-996\"\/><\/figure>\n\n\n\n<p>Normalmente a divulga\u00e7\u00e3o do resultado do Enem ocorre em\njaneiro do ano seguinte. Sendo assim, acredita-se que a divulga\u00e7\u00e3o do resultado\ndo Enem 2019 ocorra na segunda quinzena de janeiro de 2020. Vale ressaltar que\na divulga\u00e7\u00e3o das notas obtidas pelos candidatos treineiros, aqueles que ainda\nn\u00e3o est\u00e3o concluindo o ensino m\u00e9dio, s\u00f3 ser\u00e1 realizada em mar\u00e7o de 2020. Essa\ndecis\u00e3o justifica-se uma vez que essas notas n\u00e3o podem ser usadas para ingresso\nno ensino superior.<\/p>\n\n\n\n<h2 class=\"wp-block-heading\"><strong>Governo federal cria\ncomiss\u00e3o para an\u00e1lise ideol\u00f3gica<\/strong><\/h2>\n\n\n\n<p>O INEP (Instituto Nacional de Estudos e Pesquisas\nEducacionais) informou que ocorreu nesta quarta-feira, 20 de mar\u00e7o, a cria\u00e7\u00e3o\nda comiss\u00e3o que ficar\u00e1 respons\u00e1vel por fazer a avalia\u00e7\u00e3o ideol\u00f3gica das\nquest\u00f5es do Exame Nacional do Ensino M\u00e9dio (Enem 2019). A comiss\u00e3o foi criada\ncom apenas 3 nomes: o secret\u00e1rio de Regula\u00e7\u00e3o e Supervis\u00e3o da Educa\u00e7\u00e3o Superior\ndo MEC, Marco Ant\u00f4nio Barroso Faria; o diretor de estudos educacionais do Inep,\nAnt\u00f4nio Maur\u00edcio Castanheira das Neves; e o representante da sociedade civil\nGilberto Callado de Oliveira, procurador de Justi\u00e7a do Minist\u00e9rio P\u00fablico de\nSanta Catarina.<\/p>\n\n\n\n<p>A expectativa, de acordo com o governo, \u00e9 de que a comiss\u00e3o\nfa\u00e7a uma avalia\u00e7\u00e3o dos itens que abordem uma suposta \u201cideologia de g\u00eanero\u201d. Sendo\nassim, dever\u00e1 ser realizada uma \u201cleitura transversal\u201d das quest\u00f5es que comp\u00f5em\no Banco Nacional de Itens (BNI). Essa leitura dever\u00e1 diagnosticar \u201csua\npertin\u00eancia com a realidade social, de modo a assegurar um perfil consensual do\nExame\u201d. Um ponto j\u00e1 vem sendo questionado por educadores \u00e9, quais s\u00e3o os\ncrit\u00e9rios a serem analisados? Caber\u00e1 a essa comiss\u00e3o avaliar as quest\u00f5es e at\u00e9\nmesmo indicar a sua n\u00e3o utiliza\u00e7\u00e3o, mas caber\u00e1 ao presidente do Inep, Marcus\nVinicius Rodrigues, tomar a decis\u00e3o final.<\/p>\n","protected":false},"excerpt":{"rendered":"<p>O Exame Nacional do Ensino M\u00e9dio (Enem), edi\u00e7\u00e3o 2019, j\u00e1 teve seu cronograma divulgado. A partir de agora os estudantes precisam ficar atentos e dedicar&#8230;<\/p>\n","protected":false},"author":1,"featured_media":995,"comment_status":"closed","ping_status":"open","sticky":false,"template":"","format":"standard","meta":{"footnotes":""},"categories":[199,34,3,59],"tags":[],"class_list":["post-994","post","type-post","status-publish","format-standard","has-post-thumbnail","hentry","category-dicas","category-educacao","category-estudos","category-professores"],"_links":{"self":[{"href":"https:\/\/www.unovacursos.com.br\/blog\/wp-json\/wp\/v2\/posts\/994","targetHints":{"allow":["GET"]}}],"collection":[{"href":"https:\/\/www.unovacursos.com.br\/blog\/wp-json\/wp\/v2\/posts"}],"about":[{"href":"https:\/\/www.unovacursos.com.br\/blog\/wp-json\/wp\/v2\/types\/post"}],"author":[{"embeddable":true,"href":"https:\/\/www.unovacursos.com.br\/blog\/wp-json\/wp\/v2\/users\/1"}],"replies":[{"embeddable":true,"href":"https:\/\/www.unovacursos.com.br\/blog\/wp-json\/wp\/v2\/comments?post=994"}],"version-history":[{"count":1,"href":"https:\/\/www.unovacursos.com.br\/blog\/wp-json\/wp\/v2\/posts\/994\/revisions"}],"predecessor-version":[{"id":997,"href":"https:\/\/www.unovacursos.com.br\/blog\/wp-json\/wp\/v2\/posts\/994\/revisions\/997"}],"wp:featuredmedia":[{"embeddable":true,"href":"https:\/\/www.unovacursos.com.br\/blog\/wp-json\/wp\/v2\/media\/995"}],"wp:attachment":[{"href":"https:\/\/www.unovacursos.com.br\/blog\/wp-json\/wp\/v2\/media?parent=994"}],"wp:term":[{"taxonomy":"category","embeddable":true,"href":"https:\/\/www.unovacursos.com.br\/blog\/wp-json\/wp\/v2\/categories?post=994"},{"taxonomy":"post_tag","embeddable":true,"href":"https:\/\/www.unovacursos.com.br\/blog\/wp-json\/wp\/v2\/tags?post=994"}],"curies":[{"name":"wp","href":"https:\/\/api.w.org\/{rel}","templated":true}]}}