{"id":6163,"date":"2026-09-05T11:50:37","date_gmt":"2026-09-05T14:50:37","guid":{"rendered":"https:\/\/www.unovacursos.com.br\/blog\/especializacao-gratuita-if-goiano-ultimas-vagas-para-formacao-de-professores"},"modified":"2026-09-05T11:50:38","modified_gmt":"2026-09-05T14:50:38","slug":"especializacao-gratuita-if-goiano-ultimas-vagas-para-formacao-de-professores","status":"publish","type":"post","link":"https:\/\/www.unovacursos.com.br\/blog\/especializacao-gratuita-if-goiano-ultimas-vagas-para-formacao-de-professores","title":{"rendered":"Especializa\u00e7\u00e3o Gratuita IF Goiano: \u00daltimas Vagas para Forma\u00e7\u00e3o de Professores"},"content":{"rendered":"<p>Em um cen\u00e1rio educacional em constante evolu\u00e7\u00e3o, a busca por aprimoramento profissional se torna uma necessidade vital para educadores. O Instituto Federal de Educa\u00e7\u00e3o, Ci\u00eancia e Tecnologia Goiano (IF Goiano), renomado por sua excel\u00eancia, anuncia uma oportunidade imperd\u00edvel para profissionais da \u00e1rea: a abertura de vagas remanescentes em sua especializa\u00e7\u00e3o gratuita em Forma\u00e7\u00e3o de Professores para a Educa\u00e7\u00e3o B\u00e1sica. Esta iniciativa n\u00e3o s\u00f3 refor\u00e7a o compromisso da institui\u00e7\u00e3o com o desenvolvimento da educa\u00e7\u00e3o brasileira, mas tamb\u00e9m oferece um caminho para que docentes de todo o pa\u00eds elevem seu n\u00edvel de conhecimento e pr\u00e1tica pedag\u00f3gica. Em setembro de 2026, com o prazo de inscri\u00e7\u00e3o se encerrando em 9 de setembro, esta \u00e9 a chance de impulsionar a sua carreira e contribuir de forma mais significativa para o ensino b\u00e1sico.<\/p>\n<h2>Uma Chance \u00danica de Aprimoramento Acad\u00eamico<\/h2>\n<p>A especializa\u00e7\u00e3o oferecida pelo IF Goiano representa um salto qualitativo para a carreira de qualquer professor. Com um curr\u00edculo robusto e focado nas demandas contempor\u00e2neas da educa\u00e7\u00e3o b\u00e1sica, o curso visa capacitar os participantes com as ferramentas e metodologias mais recentes. As aulas, que ter\u00e3o in\u00edcio no segundo semestre de 2026, ser\u00e3o ministradas presencialmente no campus Ceres, permitindo uma imers\u00e3o completa no ambiente acad\u00eamico. A carga hor\u00e1ria total \u00e9 de 380 horas, distribu\u00eddas ao longo de 18 meses, com encontros quinzenais, preferencialmente aos s\u00e1bados, para facilitar a concilia\u00e7\u00e3o com a rotina profissional dos educadores. Esta modalidade permite que a <strong>forma\u00e7\u00e3o continuada<\/strong> seja acess\u00edvel e eficaz, atendendo \u00e0s necessidades de quem busca um diferencial no mercado.<\/p>\n<h3>P\u00fablico-Alvo e Requisitos<\/h3>\n<p>Para concorrer a uma das 25 vagas remanescentes, os interessados devem possuir diploma de gradua\u00e7\u00e3o em Licenciatura, Bacharelado ou curso Tecn\u00f3logo, devidamente reconhecido pelo Minist\u00e9rio da Educa\u00e7\u00e3o (MEC). \u00c9 fundamental que os candidatos leiam atentamente o edital completo, dispon\u00edvel no portal do IF Goiano, para compreender todos os crit\u00e9rios de sele\u00e7\u00e3o e documenta\u00e7\u00e3o necess\u00e1ria. A inscri\u00e7\u00e3o \u00e9 um processo simples, realizado online atrav\u00e9s de um formul\u00e1rio espec\u00edfico, garantindo agilidade e transpar\u00eancia.<\/p>\n<figure class=\"wp-block-image aligncenter size-large\">\n              <img decoding=\"async\" src=\"https:\/\/bixibppabwrqsakvxqqo.supabase.co\/storage\/v1\/object\/public\/article-images\/content-1788619832688-nvjod.jpg\" alt=\"forma\u00e7\u00e3o continuada - Uma Chance \u00danica de Aprimoramento Acad\u00eamico\" title=\"forma\u00e7\u00e3o continuada - Uma Chance \u00danica de Aprimoramento Acad\u00eamico\" \/><figcaption>Uma Chance \u00danica de Aprimoramento Acad\u00eamico<\/figcaption><\/figure>\n<h2>Processo de Inscri\u00e7\u00e3o e Cronograma Essencial<\/h2>\n<p>A oportunidade para ingressar nesta especializa\u00e7\u00e3o gratuita \u00e9 limitada e possui um cronograma bem definido, exigindo aten\u00e7\u00e3o dos candidatos. As inscri\u00e7\u00f5es est\u00e3o abertas por um per\u00edodo breve, de 2 a 9 de setembro de 2026. Ap\u00f3s este prazo, o processo seletivo seguir\u00e1 etapas de avalia\u00e7\u00e3o de documenta\u00e7\u00e3o e an\u00e1lise curricular. \u00c9 crucial que os postulantes fiquem atentos \u00e0s datas de divulga\u00e7\u00e3o dos resultados preliminares e aos prazos para interposi\u00e7\u00e3o de recursos, garantindo que n\u00e3o percam nenhuma etapa importante. O <a href=\"https:\/\/www.ifgoiano.edu.br\/\" target=\"_blank\" rel=\"noopener noreferrer\">Instituto Federal Goiano<\/a> tem um compromisso com a transpar\u00eancia, e todas as informa\u00e7\u00f5es ser\u00e3o publicadas em seus canais oficiais.<\/p>\n<ul>\n<li><strong>Per\u00edodo de Inscri\u00e7\u00f5es:<\/strong> 2 a 9 de setembro de 2026<\/li>\n<li><strong>Publica\u00e7\u00e3o da Situa\u00e7\u00e3o Preliminar de Inscri\u00e7\u00f5es:<\/strong> 10 de setembro<\/li>\n<li><strong>Homologa\u00e7\u00e3o das Inscri\u00e7\u00f5es:<\/strong> 12 de setembro<\/li>\n<li><strong>Resultado Preliminar da An\u00e1lise Curricular:<\/strong> 14 de setembro<\/li>\n<li><strong>Resultado Final da An\u00e1lise Curricular:<\/strong> 18 de setembro<\/li>\n<li><strong>Orienta\u00e7\u00f5es para Matr\u00edcula e In\u00edcio das Aulas:<\/strong> At\u00e9 21 de setembro<\/li>\n<\/ul>\n<p>Este cronograma apertado ressalta a import\u00e2ncia de agir rapidamente para garantir a participa\u00e7\u00e3o no processo seletivo. A especializa\u00e7\u00e3o gratuita representa um investimento valioso no capital intelectual do profissional da educa\u00e7\u00e3o, alinhando-o \u00e0s exig\u00eancias de um mercado de trabalho cada vez mais competitivo e din\u00e2mico.<\/p>\n<figure class=\"wp-block-image aligncenter size-large\">\n              <img decoding=\"async\" src=\"https:\/\/bixibppabwrqsakvxqqo.supabase.co\/storage\/v1\/object\/public\/article-images\/content-1788619833512-q50m2s.jpg\" alt=\"forma\u00e7\u00e3o continuada - Processo de Inscri\u00e7\u00e3o e Cronograma Essencial\" title=\"forma\u00e7\u00e3o continuada - Processo de Inscri\u00e7\u00e3o e Cronograma Essencial\" \/><figcaption>Processo de Inscri\u00e7\u00e3o e Cronograma Essencial<\/figcaption><\/figure>\n<h2>Benef\u00edcios da Especializa\u00e7\u00e3o e Perspectivas de Carreira<\/h2>\n<table>\n<thead>\n<tr>\n<th>Benef\u00edcio Direto<\/th>\n<th>Impacto na Carreira<\/th>\n<\/tr>\n<\/thead>\n<tbody>\n<tr>\n<td>Aprimoramento Pedag\u00f3gico<\/td>\n<td>Maior efic\u00e1cia em sala de aula, ado\u00e7\u00e3o de novas metodologias.<\/td>\n<\/tr>\n<tr>\n<td>Reconhecimento Profissional<\/td>\n<td>Valoriza\u00e7\u00e3o no mercado de trabalho e ascens\u00e3o funcional.<\/td>\n<\/tr>\n<tr>\n<td>Networking Acad\u00eamico<\/td>\n<td>Conex\u00e3o com pares e especialistas, troca de experi\u00eancias.<\/td>\n<\/tr>\n<tr>\n<td>Atualiza\u00e7\u00e3o Cont\u00ednua<\/td>\n<td>Acesso \u00e0s \u00faltimas tend\u00eancias e pesquisas em educa\u00e7\u00e3o.<\/td>\n<\/tr>\n<tr>\n<td>Qualifica\u00e7\u00e3o Gratuita<\/td>\n<td>Investimento em educa\u00e7\u00e3o de alto n\u00edvel sem custos diretos.<\/td>\n<\/tr>\n<\/tbody>\n<\/table>\n<p>A conclus\u00e3o de uma especializa\u00e7\u00e3o como esta n\u00e3o apenas enriquece o curr\u00edculo, mas tamb\u00e9m abre portas para novas oportunidades e desafios profissionais. Em um cen\u00e1rio onde a qualidade da educa\u00e7\u00e3o \u00e9 um pilar fundamental para o desenvolvimento social, profissionais bem preparados s\u00e3o constantemente buscados. Al\u00e9m disso, a <a href=\"https:\/\/www.unovacursos.com.br\/cursos\" target=\"_blank\" rel=\"noopener\">forma\u00e7\u00e3o continuada<\/a> \u00e9 um diferencial que posiciona o educador \u00e0 frente, permitindo-lhe implementar pr\u00e1ticas inovadoras e impactar positivamente a vida de seus alunos. Este curso \u00e9 uma porta de entrada para quem busca uma carreira mais robusta e gratificante no ensino. Para quem busca aprimorar suas habilidades em tecnologia educacional, por exemplo, conhecer as <a href=\"https:\/\/www.unovacursos.com.br\/blog\/garantir-acessibilidade-cursos-online-recursos-praticas\" rel=\"noopener\">pr\u00e1ticas de acessibilidade em cursos online<\/a> pode ser um passo complementar interessante.<\/p>\n<h2>Perguntas Frequentes<\/h2>\n<h3>Qual \u00e9 o prazo final para as inscri\u00e7\u00f5es na especializa\u00e7\u00e3o?<\/h3>\n<p>As inscri\u00e7\u00f5es para as vagas remanescentes da especializa\u00e7\u00e3o gratuita do IF Goiano encerram-se em 9 de setembro de 2026. \u00c9 fundamental realizar a inscri\u00e7\u00e3o dentro deste per\u00edodo para participar do processo seletivo.<\/p>\n<h3>Quem pode se candidatar a esta especializa\u00e7\u00e3o?<\/h3>\n<p>Podem se candidatar Licenciados, Bachar\u00e9is ou Tecn\u00f3logos que possuam diploma de gradua\u00e7\u00e3o reconhecido pelo MEC. O edital detalha todos os requisitos espec\u00edficos para a candidatura.<\/p>\n<h3>As aulas s\u00e3o presenciais ou a dist\u00e2ncia?<\/h3>\n<p>As aulas da especializa\u00e7\u00e3o em Forma\u00e7\u00e3o de Professores para a Educa\u00e7\u00e3o B\u00e1sica s\u00e3o presenciais e ser\u00e3o ministradas no campus Ceres do IF Goiano, com encontros quinzenais aos s\u00e1bados.<\/p>\n<h3>Qual a dura\u00e7\u00e3o total do curso e a carga hor\u00e1ria?<\/h3>\n<p>O curso tem dura\u00e7\u00e3o de 18 meses, com uma carga hor\u00e1ria total de 380 horas. O in\u00edcio das aulas est\u00e1 previsto para o segundo semestre de 2026.<\/p>\n<h3>Onde posso encontrar o edital completo e o link de inscri\u00e7\u00e3o?<\/h3>\n<p>O edital completo e o link para a ficha de inscri\u00e7\u00e3o online est\u00e3o dispon\u00edveis no site oficial do IF Goiano. Recomenda-se a leitura atenta do edital antes de se inscrever.<\/p>\n<h2>Conclus\u00e3o<\/h2>\n<p>A especializa\u00e7\u00e3o gratuita em Forma\u00e7\u00e3o de Professores para a Educa\u00e7\u00e3o B\u00e1sica do IF Goiano \u00e9 uma chance de ouro para educadores que desejam se destacar e aprimorar suas compet\u00eancias pedag\u00f3gicas. Com vagas limitadas e um cronograma definido para setembro de 2026, a agilidade na inscri\u00e7\u00e3o \u00e9 essencial. Esta iniciativa sublinha a import\u00e2ncia da forma\u00e7\u00e3o continuada e o papel crucial de institui\u00e7\u00f5es como o IF Goiano na oferta de educa\u00e7\u00e3o de qualidade. Ao investir nesta qualifica\u00e7\u00e3o, os profissionais n\u00e3o s\u00f3 enriquecem suas pr\u00f3prias carreiras, mas tamb\u00e9m fortalecem o sistema educacional brasileiro, preparando-se para os desafios e inova\u00e7\u00f5es do futuro. N\u00e3o perca esta oportunidade de transformar sua trajet\u00f3ria profissional e fazer a diferen\u00e7a na vida de muitos alunos. Para outros insights sobre o setor, veja como a <a href=\"https:\/\/www.unovacursos.com.br\/blog\/aprender-informatica-basica-guia-pratico\" rel=\"noopener\">inform\u00e1tica b\u00e1sica<\/a> pode complementar o ensino.<\/p>\n","protected":false},"excerpt":{"rendered":"<p>Especializa\u00e7\u00e3o gratuita em Forma\u00e7\u00e3o de Professores para a Educa\u00e7\u00e3o B\u00e1sica do IF Goiano. \u00daltimas vagas para a forma\u00e7\u00e3o continuada em&#8230;<\/p>\n","protected":false},"author":2,"featured_media":6165,"comment_status":"closed","ping_status":"open","sticky":false,"template":"","format":"standard","meta":{"wpai_generated_summary":"","footnotes":""},"categories":[1],"tags":[522],"class_list":["post-6163","post","type-post","status-publish","format-standard","has-post-thumbnail","hentry","category-empreendedorismo","tag-especializao-gratuita-goiano"],"_links":{"self":[{"href":"https:\/\/www.unovacursos.com.br\/blog\/wp-json\/wp\/v2\/posts\/6163","targetHints":{"allow":["GET"]}}],"collection":[{"href":"https:\/\/www.unovacursos.com.br\/blog\/wp-json\/wp\/v2\/posts"}],"about":[{"href":"https:\/\/www.unovacursos.com.br\/blog\/wp-json\/wp\/v2\/types\/post"}],"author":[{"embeddable":true,"href":"https:\/\/www.unovacursos.com.br\/blog\/wp-json\/wp\/v2\/users\/2"}],"replies":[{"embeddable":true,"href":"https:\/\/www.unovacursos.com.br\/blog\/wp-json\/wp\/v2\/comments?post=6163"}],"version-history":[{"count":1,"href":"https:\/\/www.unovacursos.com.br\/blog\/wp-json\/wp\/v2\/posts\/6163\/revisions"}],"predecessor-version":[{"id":6164,"href":"https:\/\/www.unovacursos.com.br\/blog\/wp-json\/wp\/v2\/posts\/6163\/revisions\/6164"}],"wp:featuredmedia":[{"embeddable":true,"href":"https:\/\/www.unovacursos.com.br\/blog\/wp-json\/wp\/v2\/media\/6165"}],"wp:attachment":[{"href":"https:\/\/www.unovacursos.com.br\/blog\/wp-json\/wp\/v2\/media?parent=6163"}],"wp:term":[{"taxonomy":"category","embeddable":true,"href":"https:\/\/www.unovacursos.com.br\/blog\/wp-json\/wp\/v2\/categories?post=6163"},{"taxonomy":"post_tag","embeddable":true,"href":"https:\/\/www.unovacursos.com.br\/blog\/wp-json\/wp\/v2\/tags?post=6163"}],"curies":[{"name":"wp","href":"https:\/\/api.w.org\/{rel}","templated":true}]}}