{"id":6158,"date":"2026-09-04T11:40:41","date_gmt":"2026-09-04T14:40:41","guid":{"rendered":"https:\/\/www.unovacursos.com.br\/blog\/ifsc-cursos-de-tecnologia-a-distancia-gratuitos-com-selecao-pela-redacao-do-enem"},"modified":"2026-09-04T11:40:42","modified_gmt":"2026-09-04T14:40:42","slug":"ifsc-cursos-de-tecnologia-a-distancia-gratuitos-com-selecao-pela-redacao-do-enem","status":"publish","type":"post","link":"https:\/\/www.unovacursos.com.br\/blog\/ifsc-cursos-de-tecnologia-a-distancia-gratuitos-com-selecao-pela-redacao-do-enem","title":{"rendered":"IFSC: Cursos de Tecnologia a Dist\u00e2ncia Gratuitos com Sele\u00e7\u00e3o pela Reda\u00e7\u00e3o do Enem"},"content":{"rendered":"<p>Em um cen\u00e1rio educacional que valoriza cada vez mais a flexibilidade e a democratiza\u00e7\u00e3o do acesso ao ensino superior, o Instituto Federal de Santa Catarina (IFSC) anuncia uma oportunidade imperd\u00edvel para quem busca qualifica\u00e7\u00e3o profissional de alto n\u00edvel. Est\u00e3o abertas as inscri\u00e7\u00f5es para cursos superiores de tecnologia a dist\u00e2ncia, com um diferencial importante: a sele\u00e7\u00e3o ser\u00e1 realizada exclusivamente pela nota da reda\u00e7\u00e3o do Exame Nacional do Ensino M\u00e9dio (Enem). Esta iniciativa refor\u00e7a o compromisso do IFSC em promover a <strong>forma\u00e7\u00e3o continuada<\/strong> e preparar os estudantes para as demandas do mercado de trabalho em 2026 e nos anos seguintes. Os cursos, oferecidos na modalidade de Educa\u00e7\u00e3o a Dist\u00e2ncia (EaD) atrav\u00e9s do Sistema Universidade Aberta do Brasil (UAB), representam uma porta de entrada para uma carreira de sucesso sem custos de mensalidade, tornando a educa\u00e7\u00e3o de qualidade mais acess\u00edvel a um p\u00fablico amplo em Santa Catarina e al\u00e9m.<\/p>\n<h2>Oportunidades em Gest\u00e3o da Tecnologia da Informa\u00e7\u00e3o e Gest\u00e3o P\u00fablica<\/h2>\n<p>Os interessados podem escolher entre duas \u00e1reas de grande relev\u00e2ncia no mercado atual: Gest\u00e3o da Tecnologia da Informa\u00e7\u00e3o e Gest\u00e3o P\u00fablica. Ambos os cursos foram cuidadosamente planejados para atender \u00e0s necessidades contempor\u00e2neas, preparando profissionais aptos a enfrentar os desafios de suas respectivas \u00e1reas. A dura\u00e7\u00e3o e a distribui\u00e7\u00e3o das vagas foram definidas para otimizar o aprendizado e garantir uma forma\u00e7\u00e3o robusta. \u00c9 crucial que os candidatos estejam cientes de que, embora a modalidade seja a dist\u00e2ncia, h\u00e1 uma carga hor\u00e1ria presencial obrigat\u00f3ria nos polos de apoio, conforme as diretrizes do Edital 23\/DEING\/2026\/2, garantindo a qualidade e o reconhecimento do diploma.<\/p>\n<h3>Detalhes dos Cursos e Polos Atendidos<\/h3>\n<p>O curso de <strong>Gest\u00e3o da Tecnologia da Informa\u00e7\u00e3o<\/strong>, com dura\u00e7\u00e3o de seis semestres, \u00e9 uma excelente escolha para quem busca atuar em um setor em constante evolu\u00e7\u00e3o. Oferecido pelo C\u00e2mpus Florian\u00f3polis-Centro do IFSC, ele disponibiliza 30 vagas para cada um dos polos de Canoinhas, Indaial, Joinville, Laguna e S\u00e3o Jos\u00e9. J\u00e1 o curso de <strong>Gest\u00e3o P\u00fablica<\/strong>, com quatro semestres de dura\u00e7\u00e3o, \u00e9 ideal para quem deseja contribuir para a melhoria dos servi\u00e7os e processos governamentais. Este curso \u00e9 de responsabilidade do C\u00e2mpus Gaspar, com 30 vagas distribu\u00eddas pelos polos de Balne\u00e1rio Barra do Sul, Bra\u00e7o do Norte, Canelinha, Indaial, Itapema, Itai\u00f3polis, Laguna, Otac\u00edlio Costa, Pouso Redondo e S\u00e3o Jos\u00e9.<\/p>\n<figure class=\"wp-block-image aligncenter size-large\">\n              <img decoding=\"async\" src=\"https:\/\/bixibppabwrqsakvxqqo.supabase.co\/storage\/v1\/object\/public\/article-images\/content-1788532836833-m0j7z9.jpg\" alt=\"forma\u00e7\u00e3o continuada - Oportunidades em Gest\u00e3o da Tecnologia da Informa\u00e7\u00e3o e Gest\u00e3o P\u00fablica\" title=\"forma\u00e7\u00e3o continuada - Oportunidades em Gest\u00e3o da Tecnologia da Informa\u00e7\u00e3o e Gest\u00e3o P\u00fablica\" \/><figcaption>Oportunidades em Gest\u00e3o da Tecnologia da Informa\u00e7\u00e3o e Gest\u00e3o P\u00fablica<\/figcaption><\/figure>\n<h2>Processo Seletivo Simplificado: A Reda\u00e7\u00e3o do Enem como Chave<\/h2>\n<p>Uma das caracter\u00edsticas mais not\u00e1veis deste processo seletivo \u00e9 a sua metodologia simplificada e acess\u00edvel. Ao inv\u00e9s de provas tradicionais, o IFSC optou por utilizar a nota da reda\u00e7\u00e3o do Enem como crit\u00e9rio \u00fanico de sele\u00e7\u00e3o. Essa abordagem visa valorizar a capacidade de express\u00e3o escrita e argumenta\u00e7\u00e3o dos candidatos, habilidades essenciais para qualquer \u00e1rea de atua\u00e7\u00e3o e para o desenvolvimento acad\u00eamico. A gratuidade dos cursos, sem taxa de inscri\u00e7\u00e3o ou mensalidades, elimina barreiras financeiras, incentivando que mais pessoas busquem aprimoramento e uma s\u00f3lida <a href=\"https:\/\/www.unovacursos.com.br\/cursos\" target=\"_blank\" rel=\"noopener\">forma\u00e7\u00e3o continuada<\/a>. Para mais informa\u00e7\u00f5es sobre como o IFSC gerencia seus processos seletivos e outras oportunidades, voc\u00ea pode consultar o <a href=\"https:\/\/www.ifsc.edu.br\/web\/noticias\/w\/ifsc-abre-inscricoes-para-cursos-superiores-de-tecnologia-a-distancia-com-selecao-pela-nota-da-redacao-do-enem\" target=\"_blank\" rel=\"noopener noreferrer\">portal de not\u00edcias do IFSC<\/a>.<\/p>\n<figure class=\"wp-block-image aligncenter size-large\">\n              <img decoding=\"async\" src=\"https:\/\/bixibppabwrqsakvxqqo.supabase.co\/storage\/v1\/object\/public\/article-images\/content-1788532837677-6mcmjo.jpg\" alt=\"forma\u00e7\u00e3o continuada - Processo Seletivo Simplificado: A Reda\u00e7\u00e3o do Enem como Chave\" title=\"forma\u00e7\u00e3o continuada - Processo Seletivo Simplificado: A Reda\u00e7\u00e3o do Enem como Chave\" \/><figcaption>Processo Seletivo Simplificado: A Reda\u00e7\u00e3o do Enem como Chave<\/figcaption><\/figure>\n<ul>\n<li><strong>Elegibilidade:<\/strong> Podem se candidatar todos que j\u00e1 conclu\u00edram o Ensino M\u00e9dio ou que comprovem sua conclus\u00e3o at\u00e9 a data da matr\u00edcula.<\/li>\n<li><strong>Enem Aceito:<\/strong> Ser\u00e3o consideradas as notas de reda\u00e7\u00e3o do Enem realizadas entre os anos de 2011 e 2025.<\/li>\n<li><strong>Pontua\u00e7\u00e3o M\u00ednima:<\/strong> \u00c9 necess\u00e1rio ter obtido pontua\u00e7\u00e3o igual ou superior a 500 na reda\u00e7\u00e3o para ser eleg\u00edvel.<\/li>\n<li><strong>Restri\u00e7\u00f5es:<\/strong> Candidatos que realizaram o Enem na condi\u00e7\u00e3o de treineiro n\u00e3o ser\u00e3o aceitos. Se houver mais de uma nota, o candidato deve optar por um ano espec\u00edfico no momento da inscri\u00e7\u00e3o.<\/li>\n<\/ul>\n<h2>Inclus\u00e3o e Cronograma Essencial para Candidatos<\/h2>\n<p>O IFSC demonstra seu compromisso com a inclus\u00e3o social e a equidade por meio de um sistema de cotas bem estruturado. Metade das vagas \u00e9 reservada para estudantes que cursaram integralmente o Ensino M\u00e9dio em escolas p\u00fablicas brasileiras. Essa reserva \u00e9 ainda subdividida para atender a grupos espec\u00edficos, como candidatos de baixa renda (com renda familiar bruta per capita igual ou inferior a um sal\u00e1rio-m\u00ednimo), e a\u00e7\u00f5es afirmativas para pretos, pardos, ind\u00edgenas, quilombolas e pessoas com defici\u00eancia (PcD). A outra metade das vagas \u00e9 destinada \u00e0 Ampla Concorr\u00eancia, garantindo diversas oportunidades de acesso. Para compreender melhor o funcionamento do sistema de cotas e como ele pode impactar sua inscri\u00e7\u00e3o, \u00e9 recomend\u00e1vel consultar a p\u00e1gina <a href=\"https:\/\/www.ifsc.edu.br\/faq-quero-estudar-no-ifsc\" target=\"_blank\" rel=\"noopener noreferrer\">Quero estudar no IFSC<\/a>.<\/p>\n<p>Manter-se atualizado com as datas \u00e9 fundamental para n\u00e3o perder esta oportunidade de avan\u00e7o educacional e profissional. A organiza\u00e7\u00e3o do processo seletivo \u00e9 transparente e busca oferecer todas as informa\u00e7\u00f5es necess\u00e1rias aos candidatos.<\/p>\n<table>\n<thead>\n<tr>\n<th>Evento<\/th>\n<th>Per\u00edodo\/Data<\/th>\n<\/tr>\n<\/thead>\n<tbody>\n<tr>\n<td>Per\u00edodo de Inscri\u00e7\u00f5es<\/td>\n<td>03\/09\/2026 a 25\/09\/2026<\/td>\n<\/tr>\n<tr>\n<td>Divulga\u00e7\u00e3o da 1\u00aa Chamada e Lista de Espera<\/td>\n<td>05\/10\/2026 (a partir das 18h)<\/td>\n<\/tr>\n<tr>\n<td>Envio de Documentos para Matr\u00edcula e Cotas<\/td>\n<td>06\/10\/2026 a 13\/10\/2026<\/td>\n<\/tr>\n<tr>\n<td>Divulga\u00e7\u00e3o dos Aprovados em 2\u00aa Chamada<\/td>\n<td>19\/10\/2026 (a partir das 18h)<\/td>\n<\/tr>\n<tr>\n<td>Resultado das Bancas de Cotas<\/td>\n<td>27\/11\/2026<\/td>\n<\/tr>\n<tr>\n<td>Aula Inaugural<\/td>\n<td>Dezembro de 2026<\/td>\n<\/tr>\n<\/tbody>\n<\/table>\n<h2>Perguntas Frequentes<\/h2>\n<h3>Quem pode se inscrever nos cursos de tecnologia do IFSC?<\/h3>\n<p>Podem se inscrever candidatos que j\u00e1 conclu\u00edram o Ensino M\u00e9dio ou que o far\u00e3o at\u00e9 a data da matr\u00edcula, e que tenham realizado a reda\u00e7\u00e3o do Enem com nota igual ou superior a 500 entre 2011 e 2025.<\/p>\n<h3>Qual o custo dos cursos oferecidos pelo IFSC nesta sele\u00e7\u00e3o?<\/h3>\n<p>Os cursos superiores de tecnologia a dist\u00e2ncia s\u00e3o totalmente gratuitos, sem nenhuma cobran\u00e7a de taxa de inscri\u00e7\u00e3o ou mensalidade, tornando a educa\u00e7\u00e3o superior acess\u00edvel a todos.<\/p>\n<h3>Como \u00e9 feita a sele\u00e7\u00e3o dos candidatos para as vagas?<\/h3>\n<p>A sele\u00e7\u00e3o \u00e9 realizada exclusivamente pela nota obtida na reda\u00e7\u00e3o do Enem, sendo necess\u00e1rio ter pontua\u00e7\u00e3o m\u00ednima de 500. N\u00e3o haver\u00e1 provas adicionais ou vestibulares espec\u00edficos.<\/p>\n<h3>\u00c9 poss\u00edvel se candidatar com a nota do Enem de anos anteriores?<\/h3>\n<p>Sim, o processo seletivo aceita a nota da reda\u00e7\u00e3o do Enem de qualquer edi\u00e7\u00e3o realizada entre os anos de 2011 e 2025. O candidato deve escolher apenas uma edi\u00e7\u00e3o para a inscri\u00e7\u00e3o.<\/p>\n<h3>Os cursos s\u00e3o 100% online ou exigem alguma presen\u00e7a f\u00edsica?<\/h3>\n<p>Apesar de serem na modalidade a dist\u00e2ncia (EaD), os cursos exigem o cumprimento de uma parte da carga hor\u00e1ria de forma presencial nos polos de apoio da UAB, conforme detalhado no edital.<\/p>\n<h3>Quantas vagas est\u00e3o dispon\u00edveis e quais s\u00e3o os cursos?<\/h3>\n<p>H\u00e1 30 vagas para cada polo nos cursos de Gest\u00e3o da Tecnologia da Informa\u00e7\u00e3o (6 semestres) e Gest\u00e3o P\u00fablica (4 semestres), distribu\u00eddas em diversos munic\u00edpios catarinenses.<\/p>\n<h3>Existe um sistema de cotas para este processo seletivo?<\/h3>\n<p>Sim, 50% das vagas s\u00e3o reservadas para estudantes de escolas p\u00fablicas, com subdivis\u00f5es para baixa renda e a\u00e7\u00f5es afirmativas para pretos, pardos, ind\u00edgenas, quilombolas e pessoas com defici\u00eancia, al\u00e9m da ampla concorr\u00eancia.<\/p>\n<h2>Conclus\u00e3o<\/h2>\n<p>A iniciativa do IFSC em oferecer cursos superiores de tecnologia a dist\u00e2ncia com sele\u00e7\u00e3o baseada na reda\u00e7\u00e3o do Enem \u00e9 uma excelente oportunidade para quem busca qualifica\u00e7\u00e3o e inser\u00e7\u00e3o no mercado de trabalho em 2026. A gratuidade, a flexibilidade da modalidade EaD e o sistema de cotas tornam esses cursos acess\u00edveis a um vasto p\u00fablico, promovendo a inclus\u00e3o e o desenvolvimento regional. Investir na sua <a href=\"https:\/\/www.unovacursos.com.br\/blog\/blog-unova-cursos\" rel=\"noopener\">forma\u00e7\u00e3o<\/a> \u00e9 essencial, e a capacidade de se expressar claramente, avaliada pela reda\u00e7\u00e3o do Enem, \u00e9 uma compet\u00eancia valiosa. N\u00e3o perca o prazo de inscri\u00e7\u00e3o, que vai de 3 a 25 de setembro de 2026, e prepare-se para iniciar uma nova etapa em sua jornada educacional. Acesse o site do IFSC, consulte o edital e d\u00ea o primeiro passo rumo a um futuro promissor com um diploma de n\u00edvel superior. Para complementar seu conhecimento, veja como \u00e9 importante garantir a <a href=\"https:\/\/www.unovacursos.com.br\/blog\/garantir-acessibilidade-cursos-online-recursos-praticas\" rel=\"noopener\">acessibilidade em cursos online<\/a>.<\/p>\n","protected":false},"excerpt":{"rendered":"<p>IFSC abre inscri\u00e7\u00f5es para cursos de tecnologia a dist\u00e2ncia gratuitos. Sele\u00e7\u00e3o pela nota da reda\u00e7\u00e3o do Enem. \u00d3tima oportunidade de&#8230;<\/p>\n","protected":false},"author":2,"featured_media":6160,"comment_status":"closed","ping_status":"open","sticky":false,"template":"","format":"standard","meta":{"wpai_generated_summary":"","footnotes":""},"categories":[1],"tags":[520],"class_list":["post-6158","post","type-post","status-publish","format-standard","has-post-thumbnail","hentry","category-empreendedorismo","tag-ifsc-abre-inscries"],"_links":{"self":[{"href":"https:\/\/www.unovacursos.com.br\/blog\/wp-json\/wp\/v2\/posts\/6158","targetHints":{"allow":["GET"]}}],"collection":[{"href":"https:\/\/www.unovacursos.com.br\/blog\/wp-json\/wp\/v2\/posts"}],"about":[{"href":"https:\/\/www.unovacursos.com.br\/blog\/wp-json\/wp\/v2\/types\/post"}],"author":[{"embeddable":true,"href":"https:\/\/www.unovacursos.com.br\/blog\/wp-json\/wp\/v2\/users\/2"}],"replies":[{"embeddable":true,"href":"https:\/\/www.unovacursos.com.br\/blog\/wp-json\/wp\/v2\/comments?post=6158"}],"version-history":[{"count":1,"href":"https:\/\/www.unovacursos.com.br\/blog\/wp-json\/wp\/v2\/posts\/6158\/revisions"}],"predecessor-version":[{"id":6159,"href":"https:\/\/www.unovacursos.com.br\/blog\/wp-json\/wp\/v2\/posts\/6158\/revisions\/6159"}],"wp:featuredmedia":[{"embeddable":true,"href":"https:\/\/www.unovacursos.com.br\/blog\/wp-json\/wp\/v2\/media\/6160"}],"wp:attachment":[{"href":"https:\/\/www.unovacursos.com.br\/blog\/wp-json\/wp\/v2\/media?parent=6158"}],"wp:term":[{"taxonomy":"category","embeddable":true,"href":"https:\/\/www.unovacursos.com.br\/blog\/wp-json\/wp\/v2\/categories?post=6158"},{"taxonomy":"post_tag","embeddable":true,"href":"https:\/\/www.unovacursos.com.br\/blog\/wp-json\/wp\/v2\/tags?post=6158"}],"curies":[{"name":"wp","href":"https:\/\/api.w.org\/{rel}","templated":true}]}}