{"id":6142,"date":"2026-09-01T11:11:25","date_gmt":"2026-09-01T14:11:25","guid":{"rendered":"https:\/\/www.unovacursos.com.br\/blog\/aproveite-a-especializacao-em-gestao-gratuidade-e-capacitacao-ead-ao-seu-alcance"},"modified":"2026-09-01T11:11:27","modified_gmt":"2026-09-01T14:11:27","slug":"aproveite-a-especializacao-em-gestao-gratuidade-e-capacitacao-ead-ao-seu-alcance","status":"publish","type":"post","link":"https:\/\/www.unovacursos.com.br\/blog\/aproveite-a-especializacao-em-gestao-gratuidade-e-capacitacao-ead-ao-seu-alcance","title":{"rendered":"Aproveite a Especializa\u00e7\u00e3o em Gest\u00e3o: Gratuidade e Capacita\u00e7\u00e3o EAD ao seu Alcance"},"content":{"rendered":"<p>No din\u00e2mico mercado de trabalho de 2026, a busca por aprimoramento profissional cont\u00ednuo tornou-se n\u00e3o apenas uma vantagem, mas uma necessidade. Profissionais que investem em sua qualifica\u00e7\u00e3o destacam-se, e a modalidade de ensino a dist\u00e2ncia (EAD) oferece a flexibilidade ideal para conciliar estudos e carreira. \u00c9 nesse cen\u00e1rio que surge uma oportunidade imperd\u00edvel: o Instituto Federal de Educa\u00e7\u00e3o, Ci\u00eancia e Tecnologia de Minas Gerais (IFMG) \u2013 Campus Bambu\u00ed, anuncia a abertura de 80 vagas para sua especializa\u00e7\u00e3o gratuita online em Gest\u00e3o. Este curso inovador foi desenhado para equipar os participantes com as ferramentas e conhecimentos essenciais para liderar e transformar organiza\u00e7\u00f5es em um ambiente de constante evolu\u00e7\u00e3o. A <strong>capacita\u00e7\u00e3o EAD<\/strong> \u00e9 a chave para quem busca flexibilidade sem abrir m\u00e3o da excel\u00eancia acad\u00eamica. As inscri\u00e7\u00f5es j\u00e1 est\u00e3o abertas, e esta \u00e9 a sua chance de alavancar sua trajet\u00f3ria profissional sem custos, diretamente da sua casa.<\/p>\n<h2>A Relev\u00e2ncia da Especializa\u00e7\u00e3o em Gest\u00e3o no Cen\u00e1rio Atual<\/h2>\n<p>A \u00e1rea de gest\u00e3o est\u00e1 em constante muta\u00e7\u00e3o, impulsionada por avan\u00e7os tecnol\u00f3gicos, novas metodologias de trabalho e um mercado globalizado cada vez mais competitivo. Em 2026, empresas de todos os portes procuram por profissionais que n\u00e3o apenas compreendam esses desafios, mas que tamb\u00e9m saibam aplicar estrat\u00e9gias eficazes para impulsionar o crescimento e a inova\u00e7\u00e3o. Uma especializa\u00e7\u00e3o em Gest\u00e3o, especialmente uma oferecida por uma institui\u00e7\u00e3o de renome como o IFMG, \u00e9 um diferencial significativo no curr\u00edculo. Ela proporciona uma vis\u00e3o aprofundada sobre os pilares da administra\u00e7\u00e3o moderna, desde o gerenciamento de projetos at\u00e9 a otimiza\u00e7\u00e3o de processos e lideran\u00e7a de equipes multidisciplinares.<\/p>\n<h3>Diferenciais do Curso e \u00c1reas de \u00canfase<\/h3>\n<p>O programa do IFMG-Bambu\u00ed \u00e9 abrangente e focado nas demandas do mercado. Os alunos ter\u00e3o a oportunidade de se aprofundar em quatro \u00e1reas cruciais da gest\u00e3o contempor\u00e2nea: <strong>Empreendedorismo e Neg\u00f3cios<\/strong>, fundamental para quem visa inovar ou expandir um projeto; <strong>Gest\u00e3o de Pessoas<\/strong>, que aborda as melhores pr\u00e1ticas para desenvolvimento e motiva\u00e7\u00e3o de talentos; <strong>Marketing Digital<\/strong>, essencial para a visibilidade e posicionamento de marcas na era digital; e <strong>Tecnologia e Inova\u00e7\u00e3o<\/strong>, preparando os gestores para integrar novas tecnologias e fomentar a cultura de inova\u00e7\u00e3o. A estrutura curricular, com dura\u00e7\u00e3o de 24 meses, \u00e9 projetada para oferecer uma experi\u00eancia de aprendizado rica e aplicada, culminando na elabora\u00e7\u00e3o de um Trabalho de Conclus\u00e3o de Curso (TCC) que pode ser um produto t\u00e9cnico ou um artigo cient\u00edfico, demonstrando a capacidade do aluno de gerar conhecimento e solu\u00e7\u00f5es pr\u00e1ticas.<\/p>\n<figure class=\"wp-block-image aligncenter size-large\">\n              <img decoding=\"async\" src=\"https:\/\/bixibppabwrqsakvxqqo.supabase.co\/storage\/v1\/object\/public\/article-images\/content-1788271881410-d753su.jpg\" alt=\"capacita\u00e7\u00e3o EAD - A Relev\u00e2ncia da Especializa\u00e7\u00e3o em Gest\u00e3o no Cen\u00e1rio Atual\" title=\"capacita\u00e7\u00e3o EAD - A Relev\u00e2ncia da Especializa\u00e7\u00e3o em Gest\u00e3o no Cen\u00e1rio Atual\" \/><figcaption>A Relev\u00e2ncia da Especializa\u00e7\u00e3o em Gest\u00e3o no Cen\u00e1rio Atual<\/figcaption><\/figure>\n<h2>Processo Seletivo Simplificado e Acesso \u00e0 Plataforma<\/h2>\n<p>A democratiza\u00e7\u00e3o do acesso \u00e0 educa\u00e7\u00e3o de qualidade \u00e9 um dos pilares desta iniciativa. O processo seletivo para a especializa\u00e7\u00e3o gratuita em Gest\u00e3o \u00e9 simplificado, garantindo que o m\u00e9rito acad\u00eamico e o interesse na \u00e1rea sejam os principais crit\u00e9rios. Podem se candidatar todos os indiv\u00edduos que possuam diploma de curso superior reconhecido pelo Minist\u00e9rio da Educa\u00e7\u00e3o (MEC), independentemente da \u00e1rea de forma\u00e7\u00e3o. Essa flexibilidade abre portas para profissionais de diversos setores que desejam expandir suas compet\u00eancias gerenciais.<\/p>\n<h3>Datas Importantes e Como Se Inscrever<\/h3>\n<p>As inscri\u00e7\u00f5es foram iniciadas em 1\u00ba de setembro de 2026 e seguem abertas at\u00e9 as 23h59 de 24 de setembro de 2026, hor\u00e1rio oficial de Bras\u00edlia. \u00c9 crucial que os interessados leiam atentamente o <a href=\"https:\/\/www.bambui.ifmg.edu.br\/portal\/subpaginas\/editais-especializacao-em-gestao\" target=\"_blank\" rel=\"noopener noreferrer\">edital completo<\/a>, dispon\u00edvel no site do IFMG-Bambu\u00ed, para compreender todos os requisitos e detalhes do processo. A inscri\u00e7\u00e3o \u00e9 realizada online, por meio da plataforma <a href=\"https:\/\/sigs.ifmg.edu.br\/p\/posgraduacao\" target=\"_blank\" rel=\"noopener noreferrer\">SIGS do IFMG<\/a>, e requer o pagamento de uma taxa de participa\u00e7\u00e3o de R$ 65,00. O m\u00e9todo de sele\u00e7\u00e3o ser\u00e1 via sorteio, transmitido ao vivo em 22 de outubro de 2026, \u00e0s 10h, garantindo transpar\u00eancia total. Este modelo de <a href=\"https:\/\/www.unovacursos.com.br\/cursos\" target=\"_blank\" rel=\"noopener\">capacita\u00e7\u00e3o EAD<\/a> oferece uma chance real de avan\u00e7o profissional.<\/p>\n<figure class=\"wp-block-image aligncenter size-large\">\n              <img decoding=\"async\" src=\"https:\/\/bixibppabwrqsakvxqqo.supabase.co\/storage\/v1\/object\/public\/article-images\/content-1788271881987-nrzr9z.jpg\" alt=\"capacita\u00e7\u00e3o EAD - Processo Seletivo Simplificado e Acesso \u00e0 Plataforma\" title=\"capacita\u00e7\u00e3o EAD - Processo Seletivo Simplificado e Acesso \u00e0 Plataforma\" \/><figcaption>Processo Seletivo Simplificado e Acesso \u00e0 Plataforma<\/figcaption><\/figure>\n<h2>Benef\u00edcios da P\u00f3s-Gradua\u00e7\u00e3o Online e o Futuro da Educa\u00e7\u00e3o<\/h2>\n<table>\n<thead>\n<tr>\n<th>Benef\u00edcio<\/th>\n<th>Descri\u00e7\u00e3o<\/th>\n<\/tr>\n<\/thead>\n<tbody>\n<tr>\n<td><strong>Flexibilidade Total<\/strong><\/td>\n<td>Estude no seu ritmo e hor\u00e1rio, conciliando com trabalho e compromissos pessoais.<\/td>\n<\/tr>\n<tr>\n<td><strong>Acesso Remoto<\/strong><\/td>\n<td>Aulas e materiais did\u00e1ticos dispon\u00edveis de qualquer lugar com conex\u00e3o \u00e0 internet via plataforma Moodle.<\/td>\n<\/tr>\n<tr>\n<td><strong>Qualidade Reconhecida<\/strong><\/td>\n<td>Forma\u00e7\u00e3o por uma institui\u00e7\u00e3o federal, com corpo docente qualificado e curr\u00edculo atualizado.<\/td>\n<\/tr>\n<tr>\n<td><strong>Custo Zero<\/strong><\/td>\n<td>Oportunidade de especializa\u00e7\u00e3o de alto n\u00edvel sem o investimento de mensalidades.<\/td>\n<\/tr>\n<tr>\n<td><strong>Networking Ampliado<\/strong><\/td>\n<td>Intera\u00e7\u00e3o com profissionais de diversas \u00e1reas e regi\u00f5es do pa\u00eds.<\/td>\n<\/tr>\n<\/tbody>\n<\/table>\n<p>A educa\u00e7\u00e3o a dist\u00e2ncia tem se consolidado como um pilar fundamental no cen\u00e1rio educacional brasileiro, especialmente para a p\u00f3s-gradua\u00e7\u00e3o. A autonomia no aprendizado, a possibilidade de acessar conte\u00fados de ponta sem a necessidade de deslocamento e a otimiza\u00e7\u00e3o do tempo s\u00e3o apenas alguns dos atrativos. Este formato \u00e9 ideal para quem busca uma <a href=\"https:\/\/www.unovacursos.com.br\/blog\/qualidades-empresariais-para-um-negocio-de-sucesso\" rel=\"noopener\">qualifica\u00e7\u00e3o de alto n\u00edvel<\/a> sem interromper suas atividades cotidianas. Em 2026, a tend\u00eancia \u00e9 que a demanda por especializa\u00e7\u00f5es online continue crescendo, e iniciativas como a do IFMG-Bambu\u00ed s\u00e3o essenciais para formar l\u00edderes capacitados para os desafios do amanh\u00e3. A especializa\u00e7\u00e3o em Gest\u00e3o \u00e9 uma forma robusta de impulsionar sua carreira e se manter competitivo. Para quem busca uma <strong>capacita\u00e7\u00e3o EAD<\/strong> de excel\u00eancia, esta \u00e9 uma oportunidade de ouro.<\/p>\n<h2>Perguntas Frequentes<\/h2>\n<h3>Quem pode se candidatar a esta especializa\u00e7\u00e3o gratuita?<\/h3>\n<p>Podem se candidatar todas as pessoas que possuam diploma de curso superior reconhecido pelo MEC, independentemente da \u00e1rea de forma\u00e7\u00e3o, o que amplia o acesso a diversos profissionais.<\/p>\n<h3>Qual o per\u00edodo de dura\u00e7\u00e3o do curso e como s\u00e3o as aulas?<\/h3>\n<p>O curso tem dura\u00e7\u00e3o de 24 meses, com aulas ministradas totalmente online por meio da plataforma Moodle, oferecendo flexibilidade para o estudo.<\/p>\n<h3>Existe alguma taxa de inscri\u00e7\u00e3o para o processo seletivo?<\/h3>\n<p>Sim, h\u00e1 uma taxa de participa\u00e7\u00e3o no processo seletivo no valor de R$ 65,00, que deve ser paga para efetivar a candidatura.<\/p>\n<h3>Como ser\u00e1 feita a sele\u00e7\u00e3o dos candidatos para as 80 vagas?<\/h3>\n<p>A sele\u00e7\u00e3o dos candidatos ser\u00e1 realizada por meio de um sorteio p\u00fablico, que ser\u00e1 transmitido ao vivo para garantir a transpar\u00eancia do processo.<\/p>\n<h3>Quando e onde posso consultar o edital completo da especializa\u00e7\u00e3o?<\/h3>\n<p>O edital completo est\u00e1 dispon\u00edvel no site oficial do IFMG-Bambu\u00ed, e sua leitura \u00e9 fundamental antes de realizar a inscri\u00e7\u00e3o para entender todos os detalhes.<\/p>\n<h3>\u00c9 necess\u00e1rio apresentar um Trabalho de Conclus\u00e3o de Curso (TCC)?<\/h3>\n<p>Sim, para a conclus\u00e3o da especializa\u00e7\u00e3o, os alunos dever\u00e3o elaborar um TCC, que pode ser um produto t\u00e9cnico ou um artigo cient\u00edfico a ser publicado ou defendido em banca.<\/p>\n<h2>Conclus\u00e3o<\/h2>\n<p>A especializa\u00e7\u00e3o gratuita online em Gest\u00e3o oferecida pelo IFMG-Bambu\u00ed representa uma oportunidade excepcional para profissionais que buscam se diferenciar no mercado de trabalho de 2026. Com foco em \u00e1reas estrat\u00e9gicas como Empreendedorismo, Gest\u00e3o de Pessoas, Marketing Digital e Tecnologia e Inova\u00e7\u00e3o, o curso prepara os alunos para os desafios e oportunidades do ambiente corporativo moderno. A modalidade EAD proporciona a flexibilidade necess\u00e1ria para que voc\u00ea possa aprimorar suas habilidades sem comprometer suas rotinas. N\u00e3o perca a chance de investir em sua carreira com uma <a href=\"https:\/\/www.unovacursos.com.br\/blog\/5-dicas-de-coaching\" rel=\"noopener\">capacita\u00e7\u00e3o de alta qualidade<\/a> e reconhecimento. As inscri\u00e7\u00f5es est\u00e3o abertas apenas por um per\u00edodo limitado; acesse o site do IFMG-Bambu\u00ed, leia o edital e garanta sua vaga nesta jornada de crescimento profissional. Invista em voc\u00ea e construa um futuro promissor na \u00e1rea de gest\u00e3o!<\/p>\n","protected":false},"excerpt":{"rendered":"<p>Alavanque sua carreira com a especializa\u00e7\u00e3o gratuita online em Gest\u00e3o do IFMG-Bambu\u00ed. Ideal para uma capacita\u00e7\u00e3o EAD de alto n\u00edvel&#8230;<\/p>\n","protected":false},"author":2,"featured_media":6144,"comment_status":"closed","ping_status":"open","sticky":false,"template":"","format":"standard","meta":{"wpai_generated_summary":"","footnotes":""},"categories":[1],"tags":[397],"class_list":["post-6142","post","type-post","status-publish","format-standard","has-post-thumbnail","hentry","category-empreendedorismo","tag-inscries-abertas-para"],"_links":{"self":[{"href":"https:\/\/www.unovacursos.com.br\/blog\/wp-json\/wp\/v2\/posts\/6142","targetHints":{"allow":["GET"]}}],"collection":[{"href":"https:\/\/www.unovacursos.com.br\/blog\/wp-json\/wp\/v2\/posts"}],"about":[{"href":"https:\/\/www.unovacursos.com.br\/blog\/wp-json\/wp\/v2\/types\/post"}],"author":[{"embeddable":true,"href":"https:\/\/www.unovacursos.com.br\/blog\/wp-json\/wp\/v2\/users\/2"}],"replies":[{"embeddable":true,"href":"https:\/\/www.unovacursos.com.br\/blog\/wp-json\/wp\/v2\/comments?post=6142"}],"version-history":[{"count":1,"href":"https:\/\/www.unovacursos.com.br\/blog\/wp-json\/wp\/v2\/posts\/6142\/revisions"}],"predecessor-version":[{"id":6143,"href":"https:\/\/www.unovacursos.com.br\/blog\/wp-json\/wp\/v2\/posts\/6142\/revisions\/6143"}],"wp:featuredmedia":[{"embeddable":true,"href":"https:\/\/www.unovacursos.com.br\/blog\/wp-json\/wp\/v2\/media\/6144"}],"wp:attachment":[{"href":"https:\/\/www.unovacursos.com.br\/blog\/wp-json\/wp\/v2\/media?parent=6142"}],"wp:term":[{"taxonomy":"category","embeddable":true,"href":"https:\/\/www.unovacursos.com.br\/blog\/wp-json\/wp\/v2\/categories?post=6142"},{"taxonomy":"post_tag","embeddable":true,"href":"https:\/\/www.unovacursos.com.br\/blog\/wp-json\/wp\/v2\/tags?post=6142"}],"curies":[{"name":"wp","href":"https:\/\/api.w.org\/{rel}","templated":true}]}}