{"id":5559,"date":"2026-04-29T14:20:55","date_gmt":"2026-04-29T17:20:55","guid":{"rendered":"https:\/\/www.unovacursos.com.br\/blog\/uffs-e-ufsc-abrem-1000-vagas-em-curso-gratuito-de-cuidados-paliativos"},"modified":"2026-04-29T14:20:55","modified_gmt":"2026-04-29T17:20:55","slug":"uffs-e-ufsc-abrem-1000-vagas-em-curso-gratuito-de-cuidados-paliativos","status":"publish","type":"post","link":"https:\/\/www.unovacursos.com.br\/blog\/uffs-e-ufsc-abrem-1000-vagas-em-curso-gratuito-de-cuidados-paliativos","title":{"rendered":"UFFS e UFSC abrem 1000 vagas em Curso Gratuito de Cuidados Paliativos"},"content":{"rendered":"<p>Em um cen\u00e1rio onde a demanda por profissionais de sa\u00fade qualificados e sens\u00edveis \u00e0s necessidades dos pacientes \u00e9 crescente, a Universidade Federal da Fronteira Sul (UFFS) e a Universidade Federal de Santa Catarina (UFSC) unem for\u00e7as para oferecer uma oportunidade \u00edmpar. Mil vagas est\u00e3o sendo disponibilizadas para um curso online e totalmente gratuito sobre <strong>&#8220;Cuidados Paliativos: habilidades e estrat\u00e9gias de comunica\u00e7\u00e3o na Aten\u00e7\u00e3o Prim\u00e1ria \u00e0 Sa\u00fade (APS)&#8221;<\/strong>. Esta iniciativa visa capacitar profissionais e estudantes da \u00e1rea da sa\u00fade, bem como gestores vinculados \u00e0 APS, em um tema de relev\u00e2ncia fundamental para a qualidade de vida de pacientes e suas fam\u00edlias. Em um mundo cada vez mais complexo, a capacidade de oferecer um cuidado humanizado e eficaz torna-se um diferencial, e este curso surge como uma ponte para o aprimoramento dessas compet\u00eancias. Com a chancela de duas renomadas institui\u00e7\u00f5es de ensino superior, os participantes ter\u00e3o acesso a conte\u00fado de alta qualidade, sem sair de casa, e com a certifica\u00e7\u00e3o que comprova a sua dedica\u00e7\u00e3o e aprendizado.<\/p>\n<h2>A Relev\u00e2ncia dos Cuidados Paliativos na Sa\u00fade Contempor\u00e2nea<\/h2>\n<p>Os cuidados paliativos representam uma abordagem essencial no tratamento de doen\u00e7as que amea\u00e7am a vida, visando aprimorar a qualidade de vida de pacientes e seus familiares atrav\u00e9s da preven\u00e7\u00e3o e al\u00edvio do sofrimento. Em 2026, a compreens\u00e3o e aplica\u00e7\u00e3o desses princ\u00edpios s\u00e3o mais cruciais do que nunca, dada a crescente expectativa de vida e o aumento de doen\u00e7as cr\u00f4nicas complexas. Este curso, desenvolvido em parceria com o Laborat\u00f3rio Catarinense de Estudos e Atividades Extensionistas em Cuidados Paliativos da UFFS, mergulha profundamente nos conceitos e na aplicabilidade pr\u00e1tica desses cuidados. Ele destaca o papel indispens\u00e1vel da Aten\u00e7\u00e3o Prim\u00e1ria \u00e0 Sa\u00fade como porta de entrada e coordenadora desse processo, garantindo uma assist\u00eancia cont\u00ednua e integrada.<\/p>\n<h3>Impacto da Comunica\u00e7\u00e3o no Contexto Paliativo<\/h3>\n<p>A comunica\u00e7\u00e3o eficaz \u00e9 a espinha dorsal de qualquer cuidado de sa\u00fade, e nos cuidados paliativos, ela assume uma import\u00e2ncia ainda maior. O curso oferece treinamento em estrat\u00e9gias de comunica\u00e7\u00e3o com pacientes, fam\u00edlias e cuidadores, ensinando como abordar t\u00f3picos sens\u00edveis com empatia e clareza. Al\u00e9m disso, explora a comunica\u00e7\u00e3o no trabalho em equipe, fundamental para a articula\u00e7\u00e3o de uma rede de aten\u00e7\u00e3o coesa e multidisciplinar. A capacidade de dialogar abertamente sobre cuidados paliativos com a comunidade tamb\u00e9m \u00e9 um dos m\u00f3dulos abordados, visando desmistificar o tema e promover a conscientiza\u00e7\u00e3o sobre sua import\u00e2ncia. Um <a href=\"https:\/\/www.unovacursos.com.br\/cursos\" target=\"_blank\" rel=\"noopener\">ensino flex\u00edvel<\/a> em tais \u00e1reas \u00e9 crucial para que os profissionais possam se adaptar \u00e0s nuances de cada situa\u00e7\u00e3o cl\u00ednica e interpessoal, fortalecendo a rela\u00e7\u00e3o de confian\u00e7a e suporte m\u00fatuo entre todos os envolvidos no processo de cuidado.<\/p>\n<figure class=\"wp-block-image aligncenter size-large\">\n              <img decoding=\"async\" src=\"https:\/\/bixibppabwrqsakvxqqo.supabase.co\/storage\/v1\/object\/public\/article-images\/content-1777483251903-hc9iz.jpg\" alt=\"ensino flex\u00edvel - A Relev\u00e2ncia dos Cuidados Paliativos na Sa\u00fade Contempor\u00e2nea\" title=\"ensino flex\u00edvel - A Relev\u00e2ncia dos Cuidados Paliativos na Sa\u00fade Contempor\u00e2nea\" \/><figcaption>A Relev\u00e2ncia dos Cuidados Paliativos na Sa\u00fade Contempor\u00e2nea<\/figcaption><\/figure>\n<h2>Detalhes da Inscri\u00e7\u00e3o e Metodologia do Curso<\/h2>\n<p>As 1000 vagas deste curso s\u00e3o destinadas especificamente a profissionais de sa\u00fade e gestores que atuam na Aten\u00e7\u00e3o Prim\u00e1ria \u00e0 Sa\u00fade, bem como a estudantes de gradua\u00e7\u00e3o da \u00e1rea da sa\u00fade. A metodologia adotada \u00e9 totalmente online e ass\u00edncrona, proporcionando total flexibilidade para que os participantes possam gerenciar seus estudos de acordo com a sua pr\u00f3pria disponibilidade. Com um total de 50 horas de conte\u00fado, o programa \u00e9 autoinstrucional, o que significa que o aprendizado ocorre no ritmo de cada indiv\u00edduo, incentivando a autonomia e o aprofundamento nos temas abordados. Ao final do curso, os alunos que completarem todas as etapas receber\u00e3o um certificado digital gratuito, autenticado pela Universidade Federal de Santa Catarina (UFSC), um reconhecimento valioso para o curr\u00edculo profissional.<\/p>\n<ul>\n<li><strong>P\u00fablico-alvo:<\/strong> Profissionais e gestores da APS, estudantes da \u00e1rea da sa\u00fade.<\/li>\n<li><strong>Formato:<\/strong> Online, autoinstrucional e ass\u00edncrono.<\/li>\n<li><strong>Carga Hor\u00e1ria:<\/strong> 50 horas de conte\u00fado program\u00e1tico.<\/li>\n<li><strong>Certifica\u00e7\u00e3o:<\/strong> Digital e gratuita, emitida pela UFSC, em at\u00e9 60 dias ap\u00f3s a conclus\u00e3o.<\/li>\n<\/ul>\n<h3>Passo a Passo para Inscri\u00e7\u00e3o<\/h3>\n<p>O processo de inscri\u00e7\u00e3o \u00e9 simples e acess\u00edvel. Os interessados devem acessar o m\u00f3dulo de Tele-Educa\u00e7\u00e3o no STT atrav\u00e9s do endere\u00e7o eletr\u00f4nico <a href=\"https:\/\/tele-educacao.telessaude.ufsc.br\" target=\"_blank\" rel=\"noopener\">https:\/\/tele-educacao.telessaude.ufsc.br<\/a>. L\u00e1, ser\u00e1 necess\u00e1rio realizar um cadastro ou, para quem j\u00e1 possui conta, inserir os dados de usu\u00e1rio e senha. Ap\u00f3s o login, basta navegar at\u00e9 a aba &#8220;Cursos&#8221;, localizar o curso de &#8220;Cuidados Paliativos: habilidades e estrat\u00e9gias de comunica\u00e7\u00e3o na APS&#8221; e clicar em &#8220;Acessar&#8221;. Por fim, confirme sua matr\u00edcula clicando em &#8220;Inscreva-me&#8221;. As inscri\u00e7\u00f5es estar\u00e3o abertas at\u00e9 o dia 1\u00ba de junho de 2026, oferecendo um prazo razo\u00e1vel para os interessados garantirem sua vaga nesta valiosa oportunidade de aprimoramento profissional. Para mais informa\u00e7\u00f5es, a UFSC frequentemente divulga <a href=\"https:\/\/noticias.ufsc.br\/2026\/04\/inscricoes-abertas-para-curso-gratuito-sobre-carreira-de-excelencia-na-pratica\/\" target=\"_blank\" rel=\"noopener\">novas oportunidades e cursos gratuitos online<\/a>, sempre buscando expandir o acesso ao conhecimento.<\/p>\n<figure class=\"wp-block-image aligncenter size-large\">\n              <img decoding=\"async\" src=\"https:\/\/bixibppabwrqsakvxqqo.supabase.co\/storage\/v1\/object\/public\/article-images\/content-1777483252245-fqxf4.jpg\" alt=\"ensino flex\u00edvel - Detalhes da Inscri\u00e7\u00e3o e Metodologia do Curso\" title=\"ensino flex\u00edvel - Detalhes da Inscri\u00e7\u00e3o e Metodologia do Curso\" \/><figcaption>Detalhes da Inscri\u00e7\u00e3o e Metodologia do Curso<\/figcaption><\/figure>\n<h2>Benef\u00edcios e Expectativas P\u00f3s-Curso<\/h2>\n<p>A conclus\u00e3o deste curso gratuito n\u00e3o apenas enriquecer\u00e1 o curr\u00edculo dos participantes, mas tamb\u00e9m promover\u00e1 um impacto significativo na qualidade da assist\u00eancia prestada na Aten\u00e7\u00e3o Prim\u00e1ria \u00e0 Sa\u00fade. Ao se aprofundarem nos t\u00f3picos como os conceitos de cuidados paliativos, o papel da APS e estrat\u00e9gias de comunica\u00e7\u00e3o, os profissionais estar\u00e3o mais aptos a lidar com situa\u00e7\u00f5es complexas, oferecendo um suporte integral aos pacientes e suas fam\u00edlias. A certifica\u00e7\u00e3o emitida pela UFSC atesta a qualifica\u00e7\u00e3o para quem busca se destacar em um mercado de trabalho competitivo e em constante evolu\u00e7\u00e3o. Al\u00e9m disso, a capacidade de integrar esses conhecimentos no dia a dia da pr\u00e1tica cl\u00ednica fortalece a rede de apoio e promove um cuidado mais humanizado e centrado no paciente.<\/p>\n<table>\n<thead>\n<tr>\n<th>Benef\u00edcio<\/th>\n<th>Impacto Esperado<\/th>\n<\/tr>\n<\/thead>\n<tbody>\n<tr>\n<td>Aprimoramento Profissional<\/td>\n<td>Melhora das habilidades em cuidados paliativos e comunica\u00e7\u00e3o.<\/td>\n<\/tr>\n<tr>\n<td>Certifica\u00e7\u00e3o Reconhecida<\/td>\n<td>Valoriza\u00e7\u00e3o do curr\u00edculo com selo da UFSC.<\/td>\n<\/tr>\n<tr>\n<td>Flexibilidade de Estudo<\/td>\n<td>Adapta\u00e7\u00e3o \u00e0 rotina do profissional e estudante.<\/td>\n<\/tr>\n<tr>\n<td>Cuidado Humanizado<\/td>\n<td>Capacita\u00e7\u00e3o para oferecer suporte integral ao paciente.<\/td>\n<\/tr>\n<\/tbody>\n<\/table>\n<p>A constante busca por conhecimento \u00e9 um pilar para o crescimento profissional, e cursos como este representam uma excelente via para aprimorar compet\u00eancias e se manter atualizado. Para aqueles que desejam explorar outras \u00e1reas e expandir seus horizontes, a plataforma oferece outros recursos valiosos, incluindo um <a href=\"https:\/\/www.unovacursos.com.br\/blog\/curso-online-gratuito-com-certificado\" rel=\"noopener\">curso online gratuito com certificado<\/a> que pode ser um \u00f3timo complemento.<\/p>\n<h2>Perguntas Frequentes<\/h2>\n<h3>Qual \u00e9 o p\u00fablico-alvo principal deste curso de Cuidados Paliativos?<\/h3>\n<p>O curso \u00e9 direcionado a profissionais de sa\u00fade e gestores vinculados \u00e0 Aten\u00e7\u00e3o Prim\u00e1ria \u00e0 Sa\u00fade (APS), al\u00e9m de estudantes de gradua\u00e7\u00e3o da \u00e1rea da sa\u00fade que buscam aprimorar seus conhecimentos em cuidados paliativos.<\/p>\n<h3>O certificado digital \u00e9 de fato reconhecido por qual institui\u00e7\u00e3o?<\/h3>\n<p>Sim, o certificado digital \u00e9 autenticado e emitido pela Universidade Federal de Santa Catarina (UFSC), uma das mais prestigiadas institui\u00e7\u00f5es de ensino superior do Brasil, conferindo credibilidade ao documento.<\/p>\n<h3>Existe alguma taxa de inscri\u00e7\u00e3o ou mensalidade para o curso?<\/h3>\n<p>N\u00e3o, o curso \u00e9 totalmente gratuito desde a inscri\u00e7\u00e3o at\u00e9 a emiss\u00e3o do certificado. N\u00e3o h\u00e1 custos envolvidos para os participantes.<\/p>\n<h3>O curso possui um cronograma fixo ou posso estudar no meu pr\u00f3prio ritmo?<\/h3>\n<p>O curso \u00e9 ass\u00edncrono e autoinstrucional, o que significa que n\u00e3o h\u00e1 um cronograma fixo. Voc\u00ea pode estudar no seu pr\u00f3prio ritmo, adaptando os conte\u00fados \u00e0 sua disponibilidade de tempo.<\/p>\n<h3>At\u00e9 quando \u00e9 poss\u00edvel se inscrever?<\/h3>\n<p>As inscri\u00e7\u00f5es estar\u00e3o abertas at\u00e9 o dia 1\u00ba de junho de 2026. Recomenda-se n\u00e3o deixar para a \u00faltima hora, pois as vagas s\u00e3o limitadas.<\/p>\n<h3>Qual a carga hor\u00e1ria total do curso?<\/h3>\n<p>O curso oferece um total de 50 horas de conte\u00fado program\u00e1tico, abordando de forma abrangente os principais temas relacionados aos cuidados paliativos e comunica\u00e7\u00e3o na APS.<\/p>\n<h2>Conclus\u00e3o<\/h2>\n<p>A iniciativa da UFFS e UFSC em disponibilizar mil vagas para este curso gratuito de Cuidados Paliativos \u00e9 um testemunho do compromisso dessas institui\u00e7\u00f5es com a educa\u00e7\u00e3o de qualidade e o aprimoramento da sa\u00fade p\u00fablica no Brasil. Em 2026, a forma\u00e7\u00e3o continuada em \u00e1reas t\u00e3o sens\u00edveis e necess\u00e1rias como os cuidados paliativos \u00e9 um imperativo para todos os profissionais da sa\u00fade. Aproveitar essa oportunidade n\u00e3o s\u00f3 eleva o n\u00edvel de conhecimento individual, mas tamb\u00e9m contribui para uma rede de aten\u00e7\u00e3o \u00e0 sa\u00fade mais humanizada e eficiente. N\u00e3o perca a chance de transformar sua pr\u00e1tica profissional e fazer a diferen\u00e7a na vida de in\u00fameras pessoas. Acesse o portal de Tele-Educa\u00e7\u00e3o da UFSC hoje mesmo, inscreva-se e inicie sua jornada rumo a um cuidado mais compassivo e qualificado.<\/p>\n","protected":false},"excerpt":{"rendered":"<p>Descubra como UFFS e UFSC abrem mil vagas em curso gratuito de Cuidados Paliativos online com certificado. Aprimore suas habilidades em comunica\u00e7\u00e3o e atendiment<\/p>\n","protected":false},"author":2,"featured_media":5561,"comment_status":"closed","ping_status":"open","sticky":false,"template":"","format":"standard","meta":{"footnotes":""},"categories":[1],"tags":[396],"class_list":["post-5559","post","type-post","status-publish","format-standard","has-post-thumbnail","hentry","category-empreendedorismo","tag-uffs-ufsc-oferecem"],"_links":{"self":[{"href":"https:\/\/www.unovacursos.com.br\/blog\/wp-json\/wp\/v2\/posts\/5559","targetHints":{"allow":["GET"]}}],"collection":[{"href":"https:\/\/www.unovacursos.com.br\/blog\/wp-json\/wp\/v2\/posts"}],"about":[{"href":"https:\/\/www.unovacursos.com.br\/blog\/wp-json\/wp\/v2\/types\/post"}],"author":[{"embeddable":true,"href":"https:\/\/www.unovacursos.com.br\/blog\/wp-json\/wp\/v2\/users\/2"}],"replies":[{"embeddable":true,"href":"https:\/\/www.unovacursos.com.br\/blog\/wp-json\/wp\/v2\/comments?post=5559"}],"version-history":[{"count":1,"href":"https:\/\/www.unovacursos.com.br\/blog\/wp-json\/wp\/v2\/posts\/5559\/revisions"}],"predecessor-version":[{"id":5560,"href":"https:\/\/www.unovacursos.com.br\/blog\/wp-json\/wp\/v2\/posts\/5559\/revisions\/5560"}],"wp:featuredmedia":[{"embeddable":true,"href":"https:\/\/www.unovacursos.com.br\/blog\/wp-json\/wp\/v2\/media\/5561"}],"wp:attachment":[{"href":"https:\/\/www.unovacursos.com.br\/blog\/wp-json\/wp\/v2\/media?parent=5559"}],"wp:term":[{"taxonomy":"category","embeddable":true,"href":"https:\/\/www.unovacursos.com.br\/blog\/wp-json\/wp\/v2\/categories?post=5559"},{"taxonomy":"post_tag","embeddable":true,"href":"https:\/\/www.unovacursos.com.br\/blog\/wp-json\/wp\/v2\/tags?post=5559"}],"curies":[{"name":"wp","href":"https:\/\/api.w.org\/{rel}","templated":true}]}}