{"id":5542,"date":"2026-04-26T13:50:43","date_gmt":"2026-04-26T16:50:43","guid":{"rendered":"https:\/\/www.unovacursos.com.br\/blog\/ifmg-ouro-preto-abre-vagas-para-especializacao-gratuita-em-gestao-de-negocios"},"modified":"2026-04-26T13:50:44","modified_gmt":"2026-04-26T16:50:44","slug":"ifmg-ouro-preto-abre-vagas-para-especializacao-gratuita-em-gestao-de-negocios","status":"publish","type":"post","link":"https:\/\/www.unovacursos.com.br\/blog\/ifmg-ouro-preto-abre-vagas-para-especializacao-gratuita-em-gestao-de-negocios","title":{"rendered":"IFMG Ouro Preto Abre Vagas para Especializa\u00e7\u00e3o Gratuita em Gest\u00e3o de Neg\u00f3cios"},"content":{"rendered":"<p>Em um cen\u00e1rio corporativo cada vez mais din\u00e2mico e competitivo, a busca por qualifica\u00e7\u00e3o e diferencia\u00e7\u00e3o profissional se torna imperativa. Com isso em mente, o Instituto Federal de Educa\u00e7\u00e3o, Ci\u00eancia e Tecnologia de Minas Gerais (IFMG), Campus Ouro Preto, anuncia uma oportunidade imperd\u00edvel para profissionais da regi\u00e3o: a abertura de 30 vagas para sua Especializa\u00e7\u00e3o Gratuita em Gest\u00e3o de Neg\u00f3cios. Esta iniciativa visa capacitar talentos com as ferramentas e conhecimentos essenciais para liderar, inovar e otimizar resultados em diversas organiza\u00e7\u00f5es. O programa, totalmente presencial e com dura\u00e7\u00e3o de 12 meses, representa um investimento significativo no capital humano, oferecendo um curr\u00edculo robusto focado nas demandas atuais do mercado. \u00c9 a chance de aprimorar sua vis\u00e3o estrat\u00e9gica e consolidar sua carreira sem custos de mensalidade, em uma institui\u00e7\u00e3o renomada e com um corpo docente qualificado, preparando os participantes para os desafios do futuro empresarial.<\/p>\n<h2>Oportunidade de P\u00f3s-Gradua\u00e7\u00e3o no IFMG Ouro Preto<\/h2>\n<p>O IFMG Ouro Preto, reconhecido pela excel\u00eancia acad\u00eamica e pela sua contribui\u00e7\u00e3o para o desenvolvimento regional, apresenta uma valiosa oportunidade de <a>aperfei\u00e7oamento<\/a> profissional com a abertura de 30 vagas em seu curso de Especializa\u00e7\u00e3o em Gest\u00e3o de Neg\u00f3cios. Este programa de p\u00f3s-gradua\u00e7\u00e3o lato sensu \u00e9 inteiramente gratuito, um diferencial importante em um ano onde a busca por educa\u00e7\u00e3o de qualidade e acess\u00edvel \u00e9 uma prioridade para muitos. Com uma carga hor\u00e1ria de 400 horas, distribu\u00eddas ao longo de 12 meses, o curso foi desenhado para profissionais que buscam aprofundar seus conhecimentos e habilidades em diversas \u00e1reas da gest\u00e3o empresarial. As aulas ser\u00e3o ministradas no per\u00edodo noturno, com previs\u00e3o de acontecimentos durante a semana, oferecendo flexibilidade para aqueles que j\u00e1 est\u00e3o inseridos no mercado de trabalho e desejam conciliar seus estudos com suas atividades profissionais. Esta estrutura permite que os alunos se dediquem integralmente ao conte\u00fado, sem comprometer suas rotinas di\u00e1rias.<\/p>\n<h3>Estrutura Curricular e Prepara\u00e7\u00e3o para o Mercado<\/h3>\n<p>O curr\u00edculo da Especializa\u00e7\u00e3o em Gest\u00e3o de Neg\u00f3cios do IFMG \u00e9 abrangente e atualizado, abordando temas cruciais para o sucesso no ambiente corporativo contempor\u00e2neo. Entre as disciplinas, destacam-se: Gest\u00e3o Contempor\u00e2nea, com uma vis\u00e3o ampla das mais recentes tend\u00eancias e desafios gerenciais; Gest\u00e3o Estrat\u00e9gica de Pessoas, focando no desenvolvimento e engajamento de equipes; Marketing Estrat\u00e9gico, para a cria\u00e7\u00e3o e execu\u00e7\u00e3o de planos de mercado eficazes; Gest\u00e3o de Custos e Forma\u00e7\u00e3o de Pre\u00e7os, fundamental para a sustentabilidade financeira dos neg\u00f3cios; e Inova\u00e7\u00e3o e Empreendedorismo, estimulando a cria\u00e7\u00e3o de solu\u00e7\u00f5es e a proatividade. Al\u00e9m disso, o programa inclui m\u00f3dulos pr\u00e1ticos como Projeto de Neg\u00f3cios I e II, Planejamento e Estrat\u00e9gias Empresariais, e An\u00e1lise e Gest\u00e3o de Investimentos, preparando os alunos para a tomada de decis\u00f5es estrat\u00e9gicas e para a elabora\u00e7\u00e3o de planos de neg\u00f3cio robustos. A grade curricular \u00e9 complementada por disciplinas como Pesquisa de Marketing, Modelos de Neg\u00f3cios Aplicado e Gest\u00e3o de Projetos e Sustentabilidade, culminando no Trabalho de Conclus\u00e3o de Curso, que consolida todo o aprendizado em um projeto pr\u00e1tico e relevante. Esses conhecimentos s\u00e3o cruciais para quem busca sucesso em \u00e1reas como <a>BPO financeiro<\/a>, por exemplo.<\/p>\n<figure class=\"wp-block-image aligncenter size-large\">\n              <img decoding=\"async\" src=\"https:\/\/bixibppabwrqsakvxqqo.supabase.co\/storage\/v1\/object\/public\/article-images\/content-1777222231786-a2x2c.jpg\" alt=\"aperfei\u00e7oamento - Oportunidade de P\u00f3s-Gradua\u00e7\u00e3o no IFMG Ouro Preto\" title=\"aperfei\u00e7oamento - Oportunidade de P\u00f3s-Gradua\u00e7\u00e3o no IFMG Ouro Preto\" \/><figcaption>Oportunidade de P\u00f3s-Gradua\u00e7\u00e3o no IFMG Ouro Preto<\/figcaption><\/figure>\n<h2>Processo Seletivo e Cronograma Essencial<\/h2>\n<p>Os interessados em participar dessa especializa\u00e7\u00e3o gratuita devem estar atentos ao processo seletivo e ao cronograma estabelecido pelo IFMG Ouro Preto. A sele\u00e7\u00e3o \u00e9 destinada a profissionais que possuam gradua\u00e7\u00e3o completa em qualquer \u00e1rea do conhecimento, com diploma reconhecido pelo Minist\u00e9rio da Educa\u00e7\u00e3o (MEC). \u00c9 crucial que os candidatos leiam e compreendam o edital completo, dispon\u00edvel no site oficial da institui\u00e7\u00e3o, para garantir que cumprem todos os requisitos e procedimentos. As inscri\u00e7\u00f5es para esta Especializa\u00e7\u00e3o Gratuita em Gest\u00e3o de Neg\u00f3cios tiveram in\u00edcio em 24 de abril de 2026 e se estendem at\u00e9 o dia 15 de maio de 2026. Os candidatos devem realizar suas inscri\u00e7\u00f5es por meio do formul\u00e1rio eletr\u00f4nico disponibilizado \u2013 o link pode ser encontrado diretamente no edital. Uma taxa de inscri\u00e7\u00e3o no valor de R$ 80 \u00e9 cobrada, mas \u00e9 importante destacar que h\u00e1 a possibilidade de solicitar isen\u00e7\u00e3o para aqueles que se enquadram nos crit\u00e9rios estabelecidos, com prazo at\u00e9 07 de maio de 2026. Para mais detalhes e acesso ao edital, os interessados podem visitar:<\/p>\n<p><a href=\"https:\/\/www.ifmg.edu.br\/ourobranco\/noticias\/inscricoes-abertas-para-a-especializacao-gratuita-em-gestao-de-negocios-2026\" target=\"_blank\" rel=\"noopener\">Inscri\u00e7\u00f5es abertas para a Especializa\u00e7\u00e3o gratuita em Gest\u00e3o de Neg\u00f3cios &#8211; IFMG<\/a>.<\/p>\n<figure class=\"wp-block-image aligncenter size-large\">\n              <img decoding=\"async\" src=\"https:\/\/bixibppabwrqsakvxqqo.supabase.co\/storage\/v1\/object\/public\/article-images\/content-1777222228535-fdtf4u.jpg\" alt=\"aperfei\u00e7oamento - Processo Seletivo e Cronograma Essencial\" title=\"aperfei\u00e7oamento - Processo Seletivo e Cronograma Essencial\" \/><figcaption>Processo Seletivo e Cronograma Essencial<\/figcaption><\/figure>\n<h2>Etapas e Datas Importantes da Sele\u00e7\u00e3o<\/h2>\n<p>O processo seletivo para a Especializa\u00e7\u00e3o em Gest\u00e3o de Neg\u00f3cios do IFMG Ouro Preto \u00e9 composto por diferentes etapas, cada uma com sua respectiva data limite, conforme detalhado abaixo:<\/p>\n<table>\n<thead>\n<tr>\n<th>Evento<\/th>\n<th>Per\u00edodo\/Data<\/th>\n<\/tr>\n<\/thead>\n<tbody>\n<tr>\n<td>Per\u00edodo das Inscri\u00e7\u00f5es<\/td>\n<td>24\/04 a 15\/05\/2026<\/td>\n<\/tr>\n<tr>\n<td>Pedido de Isen\u00e7\u00e3o da Taxa de Apoio<\/td>\n<td>At\u00e9 07\/05\/2026<\/td>\n<\/tr>\n<tr>\n<td>Resultado Pedidos de Isen\u00e7\u00e3o<\/td>\n<td>At\u00e9 12\/05\/2026<\/td>\n<\/tr>\n<tr>\n<td>Realiza\u00e7\u00e3o da Prova Objetiva<\/td>\n<td>29\/05\/2026<\/td>\n<\/tr>\n<tr>\n<td>Divulga\u00e7\u00e3o do Resultado da 1\u00aa Etapa (Prova Objetiva)<\/td>\n<td>At\u00e9 01\/06\/2026<\/td>\n<\/tr>\n<tr>\n<td>Interposi\u00e7\u00e3o de Recursos contra o Resultado da 1\u00aa Etapa<\/td>\n<td>02\/06\/2026<\/td>\n<\/tr>\n<tr>\n<td>Convoca\u00e7\u00e3o para 2\u00aa Etapa (Entrevista)<\/td>\n<td>At\u00e9 05\/06\/2026<\/td>\n<\/tr>\n<tr>\n<td>Per\u00edodo de Realiza\u00e7\u00e3o das Entrevistas<\/td>\n<td>08\/06 a 12\/06\/2026<\/td>\n<\/tr>\n<tr>\n<td>Resultado Preliminar<\/td>\n<td>At\u00e9 16\/06\/2026<\/td>\n<\/tr>\n<tr>\n<td>Per\u00edodo de Matr\u00edcula<\/td>\n<td>01\/07 a 03\/07\/2026<\/td>\n<\/tr>\n<tr>\n<td>Previs\u00e3o de In\u00edcio do Curso<\/td>\n<td>04\/08\/2026<\/td>\n<\/tr>\n<\/tbody>\n<\/table>\n<p>\u00c9 fundamental que os candidatos acompanhem de perto essas datas para n\u00e3o perderem nenhuma etapa importante do processo. Para quem busca uma an\u00e1lise mais aprofundada de um setor espec\u00edfico, \u00e9 poss\u00edvel encontrar cursos de <a>tecnologias educacionais<\/a>, que podem complementar este tipo de especializa\u00e7\u00e3o.<\/p>\n<h2>Perguntas Frequentes<\/h2>\n<h3>Quem pode se candidatar \u00e0 especializa\u00e7\u00e3o gratuita em Gest\u00e3o de Neg\u00f3cios do IFMG Ouro Preto?<\/h3>\n<p>Podem se candidatar profissionais com diploma de gradua\u00e7\u00e3o em qualquer \u00e1rea do conhecimento, desde que o curso seja reconhecido pelo Minist\u00e9rio da Educa\u00e7\u00e3o (MEC). \u00c9 necess\u00e1rio apresentar a documenta\u00e7\u00e3o comprobat\u00f3ria durante o processo de inscri\u00e7\u00e3o.<\/p>\n<h3>Qual a dura\u00e7\u00e3o e a modalidade do curso de especializa\u00e7\u00e3o?<\/h3>\n<p>O curso tem dura\u00e7\u00e3o de 12 meses, com uma carga hor\u00e1ria total de 400 horas. A modalidade \u00e9 presencial, com aulas no per\u00edodo noturno, provavelmente durante a semana, para facilitar a concilia\u00e7\u00e3o com outras atividades.<\/p>\n<h3>Existe alguma taxa para participar do processo seletivo ou do curso?<\/h3>\n<p>Sim, h\u00e1 uma taxa de inscri\u00e7\u00e3o no valor de R$ 80 para participar do processo seletivo. No entanto, o curso em si \u00e9 totalmente gratuito. Candidatos eleg\u00edveis podem solicitar isen\u00e7\u00e3o da taxa de inscri\u00e7\u00e3o dentro do prazo estipulado no edital.<\/p>\n<h3>Onde posso encontrar o edital completo e realizar minha inscri\u00e7\u00e3o?<\/h3>\n<p>O edital completo com todas as informa\u00e7\u00f5es detalhadas e o link para o formul\u00e1rio de inscri\u00e7\u00e3o podem ser encontrados na p\u00e1gina oficial do IFMG Ouro Preto. \u00c9 imprescind\u00edvel a leitura atenta do edital antes de se candidatar para evitar qualquer perda de prazo ou informa\u00e7\u00e3o.<\/p>\n<h3>Quando ser\u00e3o divulgados os resultados e qual a previs\u00e3o de in\u00edcio das aulas?<\/h3>\n<p>O resultado preliminar da sele\u00e7\u00e3o est\u00e1 previsto para 16 de junho de 2026. O per\u00edodo de matr\u00edculas ocorrer\u00e1 entre 01 e 03 de julho de 2026, com a previs\u00e3o de in\u00edcio das aulas em 04 de agosto de 2026. Acompanhe os comunicados oficiais da institui\u00e7\u00e3o.<\/p>\n<h2>Conclus\u00e3o<\/h2>\n<p>A Especializa\u00e7\u00e3o Gratuita em Gest\u00e3o de Neg\u00f3cios oferecida pelo IFMG Campus Ouro Preto representa uma chance extraordin\u00e1ria para profissionais que almejam impulsionar suas carreiras e adquirir conhecimentos atualizados no campo da gest\u00e3o. Em um mercado que exige constante evolu\u00e7\u00e3o, a oportunidade de obter uma p\u00f3s-gradua\u00e7\u00e3o de qualidade, sem custos, em uma institui\u00e7\u00e3o federal de renome, \u00e9 um diferencial competitivo valioso. N\u00e3o perca os prazos e oportunidades e prepare-se para transformar seu futuro profissional. Invista em sua educa\u00e7\u00e3o e torne-se um l\u00edder ainda mais capaz e estrat\u00e9gico. Acesse o edital, inscreva-se e d\u00ea o pr\u00f3ximo passo rumo ao sucesso em 2026 e nos anos seguintes.<\/p>\n","protected":false},"excerpt":{"rendered":"<p>IFMG Ouro Preto abre 30 vagas para especializa\u00e7\u00e3o gratuita em Gest\u00e3o de Neg\u00f3cios. Capacite-se em 12 meses com aulas noturnas presenciais.<\/p>\n","protected":false},"author":2,"featured_media":5544,"comment_status":"closed","ping_status":"open","sticky":false,"template":"","format":"standard","meta":{"footnotes":""},"categories":[1],"tags":[393],"class_list":["post-5542","post","type-post","status-publish","format-standard","has-post-thumbnail","hentry","category-empreendedorismo","tag-ifmg-abre-vagas"],"_links":{"self":[{"href":"https:\/\/www.unovacursos.com.br\/blog\/wp-json\/wp\/v2\/posts\/5542","targetHints":{"allow":["GET"]}}],"collection":[{"href":"https:\/\/www.unovacursos.com.br\/blog\/wp-json\/wp\/v2\/posts"}],"about":[{"href":"https:\/\/www.unovacursos.com.br\/blog\/wp-json\/wp\/v2\/types\/post"}],"author":[{"embeddable":true,"href":"https:\/\/www.unovacursos.com.br\/blog\/wp-json\/wp\/v2\/users\/2"}],"replies":[{"embeddable":true,"href":"https:\/\/www.unovacursos.com.br\/blog\/wp-json\/wp\/v2\/comments?post=5542"}],"version-history":[{"count":1,"href":"https:\/\/www.unovacursos.com.br\/blog\/wp-json\/wp\/v2\/posts\/5542\/revisions"}],"predecessor-version":[{"id":5543,"href":"https:\/\/www.unovacursos.com.br\/blog\/wp-json\/wp\/v2\/posts\/5542\/revisions\/5543"}],"wp:featuredmedia":[{"embeddable":true,"href":"https:\/\/www.unovacursos.com.br\/blog\/wp-json\/wp\/v2\/media\/5544"}],"wp:attachment":[{"href":"https:\/\/www.unovacursos.com.br\/blog\/wp-json\/wp\/v2\/media?parent=5542"}],"wp:term":[{"taxonomy":"category","embeddable":true,"href":"https:\/\/www.unovacursos.com.br\/blog\/wp-json\/wp\/v2\/categories?post=5542"},{"taxonomy":"post_tag","embeddable":true,"href":"https:\/\/www.unovacursos.com.br\/blog\/wp-json\/wp\/v2\/tags?post=5542"}],"curies":[{"name":"wp","href":"https:\/\/api.w.org\/{rel}","templated":true}]}}