{"id":4756,"date":"2025-08-01T11:00:00","date_gmt":"2025-08-01T11:00:00","guid":{"rendered":"https:\/\/www.unovacursos.com.br\/blog\/?p=4756"},"modified":"2025-08-01T08:00:04","modified_gmt":"2025-08-01T11:00:04","slug":"inclusao-de-pcd-no-trabalho-ambiente-acessivel","status":"publish","type":"post","link":"https:\/\/www.unovacursos.com.br\/blog\/inclusao-de-pcd-no-trabalho-ambiente-acessivel","title":{"rendered":"Inclus\u00e3o de PCD no Trabalho: 10 Passos para um Ambiente Acess\u00edvel"},"content":{"rendered":"<p>Mudar uma realidade exige mais do que boas inten\u00e7\u00f5es. Exige a\u00e7\u00e3o, compromisso e um olhar atento \u00e0s necessidades diversas de cada pessoa. Quando falamos em tornar empresas mais inclusivas para pessoas com defici\u00eancia, \u00e9 f\u00e1cil cair nos discursos prontos. Mas quem vive na pele \u2013 ou quem realmente se envolve \u2013 sabe que a constru\u00e7\u00e3o \u00e9 di\u00e1ria, cheia de desafios e, muitas vezes, cheia de d\u00favidas.<\/p>\n<p>Hoje, aproximar esses desafios da sociedade e, principalmente, do ambiente de trabalho, \u00e9 uma demanda urgente. Da legisla\u00e7\u00e3o \u00e0 tecnologia, da adapta\u00e7\u00e3o f\u00edsica \u00e0 mudan\u00e7a cultural, tudo precisa ser revisto, repensado, atualizado. Vamos conversar de maneira honesta e realista: o caminho \u00e9 longo, mas ele pode \u2013 e deve \u2013 ser trilhado.<\/p>\n<h2><strong>A relev\u00e2ncia da inclus\u00e3o no ambiente profissional<\/strong><\/h2>\n<p>Incluir pessoas com defici\u00eancia (PCD) no mercado de trabalho n\u00e3o \u00e9 s\u00f3 cumprir uma obriga\u00e7\u00e3o legal. Trata-se de reconhecer talentos, valorizar diversidade, estimular a inova\u00e7\u00e3o e, acima de tudo, respeitar direitos. Dados do IBGE de 2022 indicam 18,6 milh\u00f5es de brasileiros com algum tipo de defici\u00eancia, o que representa 8,9% da popula\u00e7\u00e3o. Destes, 5,1 milh\u00f5es estavam inseridos na for\u00e7a de trabalho (<a href=\"https:\/\/www.abrhsp.org.br\/noticias\/lei-de-cotas-para-pessoa-com-deficiencia-completa-32-anos-com-muitos-desafios-para-a-inclusao-profissional\/\" target=\"_blank\" rel=\"noopener\">IBGE estimou 18,6 milh\u00f5es de pessoas com defici\u00eancia no Brasil<\/a>).<\/p>\n<blockquote><p>A diversidade \u00e9 um motor silencioso de inova\u00e7\u00e3o.<\/p><\/blockquote>\n<p>No entanto, em 2024, apenas 1,1% dos empregos formais no Brasil eram ocupados por PCD, enquanto 55% desse p\u00fablico estava na informalidade (<a href=\"https:\/\/smetal.org.br\/imprensa\/lei-de-cotas-trouxe-melhorias-para-pessoas-com-deficiencia-mas-precisa-ser-cumprida\/\" target=\"_blank\" rel=\"noopener\">apenas 1,1% dos empregos formais eram ocupados por pessoas com defici\u00eancia<\/a>). Isso escancara o quanto a legisla\u00e7\u00e3o, apesar de avan\u00e7ar, nem sempre \u00e9 cumprida integralmente. Nossa experi\u00eancia mostra que cumprir as nomes vai al\u00e9m do mero preenchimento de cotas: \u00e9 sobre transformar vidas \u2013 e ambientes.<\/p>\n<h2><img decoding=\"async\" src=\"https:\/\/ixymyhazbhztpjnlxmbd.supabase.co\/storage\/v1\/object\/images\/generated\/equipe-diversa-reunida-empresa-419.webp\" alt=\"Equipe de trabalho diversa reunida em uma empresa \"><strong>A lei de cotas: conquistas e os pr\u00f3ximos passos<\/strong><\/h2>\n<p>A Lei n\u00ba 8.213\/91 \u2013 popularmente chamada de Lei de Cotas \u2013 determina que empresas com cem ou mais funcion\u00e1rios devem destinar de 2% a 5% de seus cargos para PCD. Em seus 34 anos de vig\u00eancia, permitiu avan\u00e7os importantes. Somente em 2025, mais de 63 mil pessoas com defici\u00eancia foram contratadas no pa\u00eds (<a href=\"https:\/\/www.gov.br\/trabalho-e-emprego\/pt-br\/noticias-e-conteudo\/2025\/julho\/lei-de-cotas-completa-34-anos-com-mais-de-63-mil-contratacoes-de-pessoas-com-deficiencia-em-2025\" target=\"_blank\" rel=\"noopener\">a Lei de Cotas completou 34 anos, promovendo a contrata\u00e7\u00e3o de mais de 63 mil pessoas com defici\u00eancia<\/a>). A fiscaliza\u00e7\u00e3o foi intensificada ao longo de todos esses anos. Entre 2009 e 2024, foram realizadas 139 mil auditorias, gerando quase 480 mil contratos para profissionais com defici\u00eancia (<a href=\"https:\/\/www.gov.br\/trabalho-e-emprego\/pt-br\/noticias-e-conteudo\/2024\/Julho\/lei-de-cotas-para-pessoas-com-deficiencia-completa-33-nesta-quarta-feira-24\" target=\"_blank\" rel=\"noopener\">Lei de Cotas completou 33 anos, com fiscaliza\u00e7\u00e3o intensiva realizando 139.751 auditorias<\/a>).<\/p>\n<p>Mesmo assim, o mercado formal empregava, em 2020, apenas 456,7 mil trabalhadores protegidos pela lei, e muitos desses contratos t\u00eam natureza tempor\u00e1ria (<a href=\"https:\/\/www.gov.br\/mdh\/pt-br\/assuntos\/noticias\/2020-2\/julho\/inclusao-no-mercado-de-trabalho-lei-de-cotas-para-pessoas-com-deficiencia-completa-29-anos\" target=\"_blank\" rel=\"noopener\">o mercado formal contava com 456,7 mil pessoas com defici\u00eancia empregadas sob a Lei de Cotas<\/a>). Nos orgulhamos de mostrar que, ao contr\u00e1rio de muitos concorrentes, nossa proposta n\u00e3o \u00e9 apenas \u201cbater metas\u201d, mas garantir que a inclus\u00e3o seja real, sentida e celebrada.<\/p>\n<p>Hoje, h\u00e1 quem acredite \u2013 talvez por comodismo ou desconhecimento \u2013 que basta seguir a legisla\u00e7\u00e3o. De fato, o cumprimento da lei exige a\u00e7\u00f5es concretas, mas, sobretudo, uma postura comprometida. O poder transformador da inclus\u00e3o s\u00f3 acontece quando pol\u00edticas s\u00e3o integradas ao dia a dia organizacional.<\/p>\n<h2><strong>Desafios enfrentados na jornada de inclus\u00e3o<\/strong><\/h2>\n<p>A estrada n\u00e3o \u00e9 simples. O preconceito, mesmo que sutil, \u00e9 barreira constante. A falta de acessibilidade f\u00edsica, digital e atitudinal faz com que muitos talentos sejam invisibilizados. E h\u00e1 outro obst\u00e1culo: a pr\u00f3pria cultura empresarial.<\/p>\n<ul>\n<li>Preconceitos pessoais e institucionais dificultam o acesso.<\/li>\n<li>Sistemas de recrutamento pouco adaptados acabam excluindo muitos profissionais.<\/li>\n<li>Locais de trabalho sem adequa\u00e7\u00f5es comprometem desempenho e bem-estar.<\/li>\n<li>Desinforma\u00e7\u00e3o \u00e9, talvez, uma das pedras mais grandes nesse caminho.<\/li>\n<\/ul>\n<p>Todo mundo conhece ao menos uma hist\u00f3ria real sobre isso. Talvez aquela vaga dispon\u00edvel, mas o local n\u00e3o tinha rampa. Ou o candidato com defici\u00eancia visual que ficou preso no processo porque os testes online n\u00e3o eram acess\u00edveis. Dificuldades que poderiam, muitas vezes, ser evitadas com um pouco mais de aten\u00e7\u00e3o e compromisso.<\/p>\n<p>Mesmo institui\u00e7\u00f5es de ensino ou plataformas de cursos, como algumas concorrentes, insistem em m\u00e9todos tradicionais que n\u00e3o contemplam as necessidades de PCD. Na Unova Cursos, buscamos ir al\u00e9m, atualizando conte\u00fados frequentemente e proporcionando uma experi\u00eancia verdadeiramente inclusiva desde o acesso ao material at\u00e9 a emiss\u00e3o do certificado digital.<\/p>\n<h2><strong>Adapta\u00e7\u00f5es e acessibilidade: muito al\u00e9m da estrutura f\u00edsica<\/strong><\/h2>\n<p>A discuss\u00e3o sobre acessibilidade costuma cair no b\u00e1sico: rampas, elevadores e banheiros adaptados. Mas \u00e9 preciso pensar al\u00e9m.<\/p>\n<ul>\n<li><strong>Acesso digital:<\/strong> websites, sistemas internos, plataformas de avalia\u00e7\u00e3o e comunica\u00e7\u00e3o precisam estar preparados para leitores de tela, legendas, contrastes e outros recursos.<\/li>\n<li><strong>Comunica\u00e7\u00e3o inclusiva:<\/strong> materiais em braille, libras ou \u00e1udio, reuni\u00f5es acess\u00edveis, campanhas de conscientiza\u00e7\u00e3o.<\/li>\n<li><strong>Adapta\u00e7\u00e3o de mobili\u00e1rio:<\/strong> cadeiras, mesas e esta\u00e7\u00f5es de trabalho ajust\u00e1veis.<\/li>\n<li><strong>Flexibilidade de jornada e tarefas:<\/strong> adequando atividades ao perfil e \u00e0s necessidades individuais.<\/li>\n<li><strong>Treinamento de equipes:<\/strong> investir no preparo dos colegas \u00e9 indispens\u00e1vel.<\/li>\n<\/ul>\n<blockquote><p>O melhor recurso de acessibilidade \u00e9 o respeito \u00e0s diferen\u00e7as.<\/p><\/blockquote>\n<p>\u00c9 verdade, \u00e0s vezes a adapta\u00e7\u00e3o necess\u00e1ria \u00e9 pequenininha. \u00c0s vezes, gigantesca. O importante: cada caso \u00e9 \u00fanico. Por isso, cursos como o <a href=\"https:\/\/www.unovacursos.com.br\/curso\/inclusao-de-pcd-no-trabalho\" target=\"_blank\">curso de Inclus\u00e3o de PCD no Trabalho<\/a> ensinam de maneira simples, pr\u00e1tica e acess\u00edvel a identificar, planejar e aplicar essas melhorias.<\/p>\n<h2><img decoding=\"async\" src=\"https:\/\/ixymyhazbhztpjnlxmbd.supabase.co\/storage\/v1\/object\/images\/generated\/pessoa-cega-ambiente-trabalho-189.webp\" alt=\"Pessoa cega com c\u00e3o-guia em ambiente de trabalho \"><strong>RH no centro da mudan\u00e7a: treinamento, contrata\u00e7\u00e3o e cultura inclusiva<\/strong><\/h2>\n<p>O setor de Recursos Humanos est\u00e1 no cora\u00e7\u00e3o dessa evolu\u00e7\u00e3o. RH prepara processos seletivos justos, acolhedores e, principalmente, atentos aos detalhes do dia a dia de cada profissional.<\/p>\n<p>Tem quem ache que s\u00f3 abrir a vaga j\u00e1 resolve, n\u00e3o \u00e9 bem assim. O in\u00edcio do cuidado est\u00e1 na pr\u00f3pria divulga\u00e7\u00e3o da vaga. Divulgar que a oportunidade tamb\u00e9m \u00e9 para PCD, descrever a acessibilidade dispon\u00edvel, treinar os recrutadores para identificar potencial e n\u00e3o defici\u00eancia, adequar as entrevistas e oferecer suporte continuado s\u00e3o partes de um processo bem mais amplo.<\/p>\n<ul>\n<li>Elaborar programas de integra\u00e7\u00e3o acess\u00edveis.<\/li>\n<li>Desenvolver a\u00e7\u00f5es de sensibiliza\u00e7\u00e3o para reduzir barreiras atitudinais.<\/li>\n<li>Oferecer treinamentos frequentes de inclus\u00e3o para lideran\u00e7as e equipes.<\/li>\n<li>Monitorar e ajustar pol\u00edticas internas.<\/li>\n<\/ul>\n<p>Na Unova Cursos, os materiais did\u00e1ticos dos cursos s\u00e3o elaborados para contemplar m\u00faltiplas realidades, com linguagem simples, recursos acess\u00edveis e avalia\u00e7\u00e3o online gratuita. E a forma\u00e7\u00e3o continuada \u00e9 levada a s\u00e9rio, principalmente para profissionais de RH e gestores, que encontram respaldo em cursos como <a href=\"https:\/\/www.unovacursos.com.br\/curso\/psicologia-organizacional-e-do-trabalho\" target=\"_blank\">Psicologia Organizacional e do Trabalho<\/a>.<\/p>\n<p>Mesmo que outras plataformas tentem oferecer forma\u00e7\u00f5es, \u00e9 preciso olhar para o conjunto: a Unova Cursos se destaca pelo acompanhamento pedag\u00f3gico acess\u00edvel, emiss\u00e3o de certificado digital detalhado, matr\u00edcula gratuita e conte\u00fado atualizado.<\/p>\n<blockquote><p>Um bom RH faz mais que seguir a lei. Ele transforma cultura.<\/p><\/blockquote>\n<h2><strong>Responsabilidade social das empresas: o compromisso vai al\u00e9m do port\u00e3o<\/strong><\/h2>\n<p>Assumir a responsabilidade social \u00e9, na pr\u00e1tica, aceitar que a inclus\u00e3o n\u00e3o para no crach\u00e1. O impacto positivo vai para as fam\u00edlias, para a comunidade, para o pr\u00f3prio ambiente econ\u00f4mico do pa\u00eds.<\/p>\n<ul>\n<li>Gera desenvolvimento local e nacional.<\/li>\n<li>Combate estere\u00f3tipos que limitam oportunidades.<\/li>\n<li>Mostra \u00e0 sociedade que o valor humano supera qualquer limita\u00e7\u00e3o f\u00edsica ou cognitiva.<\/li>\n<\/ul>\n<p>Empresas que criam esse ambiente colhem os frutos da diversidade, criatividade e engajamento dos colaboradores.<\/p>\n<p>Ao adotar uma forma\u00e7\u00e3o consistente, como a <a href=\"https:\/\/www.unovacursos.com.br\/curso\/educacao-inclusiva\" target=\"_blank\">Educa\u00e7\u00e3o Inclusiva<\/a>, gestores e profissionais tendem a entender melhor as nuances de cada situa\u00e7\u00e3o, tornando o impacto muito mais profundo.<\/p>\n<h2><img decoding=\"async\" src=\"https:\/\/ixymyhazbhztpjnlxmbd.supabase.co\/storage\/v1\/object\/images\/generated\/sala-reuniao-adaptada-386.webp\" alt=\"Sala de reuni\u00e3o adaptada com recursos de acessibilidade \"><strong>Enfrentando preconceitos e barreiras culturais<\/strong><\/h2>\n<p>Preconceito n\u00e3o se desfaz em um dia. Mexe com cren\u00e7as, h\u00e1bitos, falas e olhares. \u00c0s vezes, ele \u00e9 expresso abertamente. Outras vezes, aparece nas entrelinhas.<\/p>\n<p>O combate \u00e0 discrimina\u00e7\u00e3o come\u00e7a pelo di\u00e1logo aberto e transparente. Conversas reais, acess\u00edveis para todos, que desmistificam ideias erradas e aproximam as diferen\u00e7as.<\/p>\n<ul>\n<li>Campanhas internas bem pensadas geram empatia.<\/li>\n<li>Projetos de mentoria podem mostrar novos talentos.<\/li>\n<li>Pol\u00edticas claras de n\u00e3o discrimina\u00e7\u00e3o criam seguran\u00e7a.<\/li>\n<\/ul>\n<p>A legisla\u00e7\u00e3o n\u00e3o basta se n\u00e3o houver fiscaliza\u00e7\u00e3o e cobran\u00e7a coletiva. Desde 2009, foram mais de 139 mil auditorias para verificar o cumprimento da Lei de Cotas, mas ainda vemos empresas tentando escapar das regras (<a href=\"https:\/\/www.gov.br\/trabalho-e-emprego\/pt-br\/noticias-e-conteudo\/2024\/Julho\/lei-de-cotas-para-pessoas-com-deficiencia-completa-33-nesta-quarta-feira-24\" target=\"_blank\" rel=\"noopener\">fiscaliza\u00e7\u00e3o intensiva realizando 139.751 auditorias desde 2009<\/a>). Destacamos que nosso diferencial est\u00e1 em n\u00e3o apenas seguir obriga\u00e7\u00f5es, mas construir solu\u00e7\u00f5es e exemplos positivos.<\/p>\n<h2><strong>A\u00e7\u00f5es coordenadas: integra\u00e7\u00e3o com fam\u00edlia e sociedade<\/strong><\/h2>\n<p>Ningu\u00e9m constr\u00f3i o ambiente acess\u00edvel sozinho. O apoio da fam\u00edlia, o est\u00edmulo da comunidade e o incentivo cont\u00ednuo de pol\u00edticas p\u00fablicas s\u00e3o pilares.<\/p>\n<p>Projetos de inclus\u00e3o tamb\u00e9m precisam envolver os familiares, facilitando esclarecimentos e oferecendo suporte emocional. A sociedade inteira deve enxergar que o respeito \u00e0 diversidade \u00e9 responsabilidade de todos.<\/p>\n<p>Hoje, al\u00e9m do espa\u00e7o formal de trabalho, muitas oportunidades surgem em ambientes flex\u00edveis, remotos ou h\u00edbridos. E cada situa\u00e7\u00e3o traz novas adapta\u00e7\u00f5es. Por exemplo, o trabalho em home office requer que tecnologias assistivas e adapta\u00e7\u00f5es cheguem at\u00e9 a resid\u00eancia da pessoa.<\/p>\n<blockquote><p>Inclus\u00e3o de verdade ultrapassa barreiras e conecta vidas.<\/p><\/blockquote>\n<p>A <a href=\"https:\/\/www.unovacursos.com.br\/curso\/desenvolvimento-da-pessoa-com-sindrome-de-down\" target=\"_blank\">forma\u00e7\u00e3o para o desenvolvimento da pessoa com S\u00edndrome de Down<\/a> mostra, por exemplo, como pequenas a\u00e7\u00f5es podem transformar o potencial de cada indiv\u00edduo, seja em casa ou na empresa.<\/p>\n<h2><strong>Pol\u00edticas p\u00fablicas e fiscaliza\u00e7\u00e3o: o papel do Estado<\/strong><\/h2>\n<p>N\u00e3o d\u00e1 para depender apenas da boa vontade das empresas. O Estado precisa garantir, fiscalizar e orientar. Sem fiscaliza\u00e7\u00e3o, a Lei de Cotas se torna letra morta. \u00c9 s\u00f3 olhar os dados: entre 2020 e 2025, o crescimento de contrata\u00e7\u00f5es ocorreu principalmente onde o acompanhamento foi mais rigoroso (<a href=\"https:\/\/www.gov.br\/trabalho-e-emprego\/pt-br\/noticias-e-conteudo\/2025\/julho\/lei-de-cotas-completa-34-anos-com-mais-de-63-mil-contratacoes-de-pessoas-com-deficiencia-em-2025\" target=\"_blank\" rel=\"noopener\">contrata\u00e7\u00e3o de mais de 63 mil pessoas com defici\u00eancia no primeiro semestre, com maior concentra\u00e7\u00e3o na Regi\u00e3o Sudeste<\/a>).<\/p>\n<p>Documentos como a <a href=\"https:\/\/www.unovacursos.com.br\/curso\/lei-brasileira-de-inclusao-da-pessoa-com-deficiencia\" target=\"_blank\">Lei Brasileira de Inclus\u00e3o da Pessoa com Defici\u00eancia<\/a> criam diretrizes para acessibilidade plena, penalizando quem insiste em velhas pr\u00e1ticas.<\/p>\n<p>No entanto, a dist\u00e2ncia entre o texto da lei e o cotidiano de muitos trabalhadores ainda \u00e9 grande. Por isso, plataformas como a Unova Cursos v\u00e3o al\u00e9m, oferecendo forma\u00e7\u00e3o para quem quer conhecer mais, entender seus direitos e atuar como agente de mudan\u00e7a.<\/p>\n<h2><strong>O poder da tecnologia assistiva<\/strong><\/h2>\n<p>Softwares leitores de tela, aplicativos para comunica\u00e7\u00e3o alternativa, equipamentos para mobilidade, plataformas digitais adaptadas: tudo isso aproxima oportunidades de quem antes era exclu\u00eddo.<\/p>\n<p>\u00c9 evidente que o avan\u00e7o tecnol\u00f3gico ampliou as possibilidades de adapta\u00e7\u00e3o no local de trabalho, ao mesmo tempo que cobra atualiza\u00e7\u00e3o constante das empresas. A Unova Cursos investe continuamente em recursos para tornar seus materiais did\u00e1ticos compat\u00edveis e acess\u00edveis, garantindo que todos possam se desenvolver de maneira aut\u00f4noma.<\/p>\n<p>At\u00e9 mesmo cursos online tradicionais encontram dificuldades em acompanhar esse ritmo. No nosso caso, mantemos suporte t\u00e9cnico dedicado para alunos com defici\u00eancia, al\u00e9m de acesso gratuito ao conte\u00fado adaptado durante um ano inteiro.<\/p>\n<h2><img decoding=\"async\" src=\"https:\/\/ixymyhazbhztpjnlxmbd.supabase.co\/storage\/v1\/object\/images\/generated\/tecnologia-assistiva-escritorio-90.webp\" alt=\"Pessoa usando tecnologia assistiva no escrit\u00f3rio \"><strong>Cultura organizacional: a diferen\u00e7a mora nos detalhes<\/strong><\/h2>\n<p>Construir um ambiente acess\u00edvel de fato exige olhar para atitudes cotidianas. A cultura organizacional define como as pessoas v\u00e3o acolher, conviver e valorizar a diversidade.<\/p>\n<ul>\n<li>Reconhe\u00e7a resultados, evite supervalorizar ou infantilizar conquistas.<\/li>\n<li>Estimule feedbacks sinceros, dando espa\u00e7o para sugest\u00f5es de quem vive a realidade.<\/li>\n<li>Invista em lideran\u00e7as que representem diferentes perfis.<\/li>\n<li>Celebre diferen\u00e7as com respeito e autenticidade.<\/li>\n<\/ul>\n<p>S\u00e3o detalhes que nem sempre v\u00eam nos livros de RH, mas fazem toda a diferen\u00e7a. Afinal, ningu\u00e9m se sente totalmente inclu\u00eddo apenas porque a empresa diz que \u201c\u00e9 inclusiva\u201d.<\/p>\n<p>Programas de forma\u00e7\u00e3o, como o <a href=\"https:\/\/www.unovacursos.com.br\/curso\/curso-online-gratis-deficiencia-intelectual\" target=\"_blank\">curso sobre defici\u00eancia intelectual<\/a>, trazem viv\u00eancias pr\u00e1ticas e exemplos reais para todos os colaboradores.<\/p>\n<p>Concorrentes at\u00e9 oferecem treinamentos, mas a Unova Cursos integra teoria e pr\u00e1tica, atualizando conte\u00fados com base em feedbacks dos pr\u00f3prios profissionais e das tend\u00eancias de mercado.<\/p>\n<h2><img decoding=\"async\" src=\"https:\/\/ixymyhazbhztpjnlxmbd.supabase.co\/storage\/v1\/object\/images\/generated\/colaboradores-sorrindo-diversidade-170.webp\" alt=\"Colaboradores sorrindo em ambiente de trabalho diverso \"><strong>10 passos para um ambiente de trabalho verdadeiramente acess\u00edvel<\/strong><\/h2>\n<ol>\n<li><strong>Estudar a legisla\u00e7\u00e3o:<\/strong> conhe\u00e7a as leis e garanta cumprimento total \u2013 n\u00e3o s\u00f3 para evitar multas, mas para garantir direitos.<\/li>\n<li><strong>Diagn\u00f3stico da acessibilidade:<\/strong> mapeie limita\u00e7\u00f5es do ambiente e elabore plano de a\u00e7\u00e3o eficiente, envolvendo colaboradores PCD nesse processo.<\/li>\n<li><strong>Sensibiliza\u00e7\u00e3o e treinamento:<\/strong> forme l\u00edderes e equipes, utilizando materiais atualizados e pr\u00e1ticas inclusivas.<\/li>\n<li><strong>Comunica\u00e7\u00e3o eficaz:<\/strong> adote materiais acess\u00edveis, linguagem inclusiva e m\u00faltiplos canais de intera\u00e7\u00e3o.<\/li>\n<li><strong>Adapta\u00e7\u00e3o estrutural e digital:<\/strong> do espa\u00e7o f\u00edsico \u00e0 plataforma digital, ajuste \u2013 sempre sob orienta\u00e7\u00e3o de quem usa.<\/li>\n<li><strong>Recrutamento e sele\u00e7\u00e3o humanizados:<\/strong> revise crit\u00e9rios, adapte entrevistas, valorize potencial e ofere\u00e7a acompanhamento.<\/li>\n<li><strong>Gest\u00e3o participativa:<\/strong> incentive a participa\u00e7\u00e3o ativa dos colaboradores PCD, ouvindo sugest\u00f5es e ajustando o ambiente de acordo.<\/li>\n<li><strong>Monitoramento e melhoria cont\u00ednua:<\/strong> avalie pol\u00edticas, conte com feedbacks reais e adapte processos sempre que necess\u00e1rio.<\/li>\n<li><strong>Envolvimento da comunidade:<\/strong> expanda as a\u00e7\u00f5es para al\u00e9m dos muros da empresa, engaje familiares e parceiros sociais.<\/li>\n<li><strong>Celebrar conquistas reais:<\/strong> compartilhe hist\u00f3rias que inspiram, reconhe\u00e7a talentos e publique resultados de inclus\u00e3o de forma transparente.<\/li>\n<\/ol>\n<p>A forma\u00e7\u00e3o permanente, oferecida por cursos como o <a href=\"https:\/\/www.unovacursos.com.br\/curso\/inclusao-de-pcd-no-trabalho\" target=\"_blank\">curso de Inclus\u00e3o de PCD no Trabalho<\/a>, apoia todos esses passos, tornando cada etapa mais simples e acess\u00edvel.<\/p>\n<h2><strong>Uma abordagem integrada: resultados para todos<\/strong><\/h2>\n<p>A inclus\u00e3o n\u00e3o depende s\u00f3 de lei. Depende de uma abordagem m\u00faltipla, que englobe pol\u00edticas p\u00fablicas, fiscaliza\u00e7\u00e3o intensa, forma\u00e7\u00e3o profissional espec\u00edfica, participa\u00e7\u00e3o ativa dos familiares, uso de tecnologia assistiva e, sobretudo, respeito genu\u00edno \u00e0s singularidades de cada pessoa.<\/p>\n<p>Os melhores exemplos v\u00eam, n\u00e3o de palavras bonitas, mas do depoimento de quem vive a experi\u00eancia. A cada pessoa inclu\u00edda, a cultura da empresa muda um pouquinho. E \u00e9 assim, de passo em passo, que se constr\u00f3i o futuro.<\/p>\n<h2><strong>Conclus\u00e3o<\/strong><\/h2>\n<p>Transformar ambientes de trabalho em espa\u00e7os realmente acess\u00edveis e inclusivos para pessoas com defici\u00eancia requer muito mais do que cumprir normas. \u00c9 um compromisso di\u00e1rio, feito de pequenas (e grandes) a\u00e7\u00f5es. E quando esse compromisso \u00e9 verdadeiro, todo o coletivo sai ganhando: colaboradores mais engajados, empresas mais inovadoras, fam\u00edlias mais felizes e uma sociedade mais justa.<\/p>\n<p>Na Unova Cursos, apoiamos essa constru\u00e7\u00e3o fornecendo cursos atualizados e acess\u00edveis, com matr\u00edcula gratuita e foco total na prepara\u00e7\u00e3o para criar uma cultura realmente aberta \u00e0s diferen\u00e7as. Seja para quem quer iniciar nessa jornada, aprofundar conhecimentos ou liderar mudan\u00e7as, <strong>voc\u00ea pode sempre contar conosco para aprender, crescer e incluir de verdade<\/strong>.<\/p>\n<blockquote><p>Seja a mudan\u00e7a no ambiente de trabalho. Conhe\u00e7a a Unova Cursos e potencialize a inclus\u00e3o agora mesmo!<\/p><\/blockquote>\n<h2><strong>Perguntas frequentes sobre Inclus\u00e3o de PCD no Trabalho<\/strong><\/h2>\n<h3><strong>O que significa inclus\u00e3o de PCD no trabalho?<\/strong><\/h3>\n<p>Significa garantir, de maneira efetiva, acesso, perman\u00eancia, desenvolvimento e participa\u00e7\u00e3o plena de pessoas com defici\u00eancia em todos os ambientes profissionais. A inclus\u00e3o n\u00e3o se limita \u00e0 contrata\u00e7\u00e3o, mas abrange adapta\u00e7\u00f5es do ambiente, respeito \u00e0s diferen\u00e7as e cria\u00e7\u00e3o de oportunidades de crescimento real dentro das organiza\u00e7\u00f5es.<\/p>\n<h3><strong>Como contratar pessoas com defici\u00eancia?<\/strong><\/h3>\n<p>O processo de contrata\u00e7\u00e3o come\u00e7a pelo entendimento das demandas espec\u00edficas de cada vaga e candidato. As empresas devem divulgar vagas acess\u00edveis, adaptar processos seletivos para garantir equidade e eliminar barreiras atitudinais e f\u00edsicas. O RH precisa estar preparado para avaliar o perfil e potencial dos candidatos, e n\u00e3o apenas as limita\u00e7\u00f5es. O acompanhamento desde a integra\u00e7\u00e3o at\u00e9 o desenvolvimento tamb\u00e9m \u00e9 fundamental, e cursos como o <a href=\"https:\/\/www.unovacursos.com.br\/curso\/inclusao-de-pcd-no-trabalho\" target=\"_blank\">curso de Inclus\u00e3o de PCD no Trabalho<\/a> ajudam RH e gestores nessa jornada.<\/p>\n<h3><strong>Quais adapta\u00e7\u00f5es s\u00e3o necess\u00e1rias no ambiente?<\/strong><\/h3>\n<p>As adapta\u00e7\u00f5es v\u00e3o al\u00e9m das barreiras f\u00edsicas, como rampas e banheiros acess\u00edveis. \u00c9 preciso adaptar a comunica\u00e7\u00e3o, disponibilizar materiais em formatos acess\u00edveis (braille, \u00e1udio, libras), promover ajustes em softwares, plataformas digitais e equipamentos. Tamb\u00e9m \u00e9 importante oferecer mobili\u00e1rio adequado, flexibilizar jornadas quando necess\u00e1rio e estruturar uma cultura organizacional inclusiva. A tecnologia assistiva pode ser um grande diferencial, assim como treinamentos constantes.<\/p>\n<h3><strong>Quais leis garantem a inclus\u00e3o de PCD?<\/strong><\/h3>\n<p>As principais s\u00e3o a Lei de Cotas (Lei n\u00ba 8.213\/91), que obriga empresas acima de 100 funcion\u00e1rios a reservarem vagas a PCD, e a <a href=\"https:\/\/www.unovacursos.com.br\/curso\/lei-brasileira-de-inclusao-da-pessoa-com-deficiencia\" target=\"_blank\">Lei Brasileira de Inclus\u00e3o da Pessoa com Defici\u00eancia (Estatuto da Pessoa com Defici\u00eancia \u2013 Lei n\u00ba 13.146\/2015)<\/a>. Elas garantem direitos, criam mecanismos de fiscaliza\u00e7\u00e3o e determinam san\u00e7\u00f5es para quem descumprir as normas. Existem ainda normas t\u00e9cnicas de acessibilidade, como as da ABNT, que orientam adapta\u00e7\u00f5es.<\/p>\n<h3><strong>Como promover acessibilidade no trabalho?<\/strong><\/h3>\n<p>Acessibilidade se promove com projetos multidisciplinares, apoio das lideran\u00e7as e da \u00e1rea de RH, consultas aos pr\u00f3prios colaboradores PCD, investimentos em tecnologia assistiva e adapta\u00e7\u00f5es f\u00edsicas e digitais. A comunica\u00e7\u00e3o deve ser clara e inclusiva. Programas de treinamento, campanhas de conscientiza\u00e7\u00e3o e acompanhamento de pol\u00edticas de inclus\u00e3o s\u00e3o indispens\u00e1veis. Plataformas de educa\u00e7\u00e3o, como a Unova Cursos, disponibilizam cursos gratuitos e certificados que auxiliam gestores e equipes a se atualizarem em pr\u00e1ticas de inclus\u00e3o e acessibilidade.<\/p>\n","protected":false},"excerpt":{"rendered":"<p>Conhe\u00e7a os passos para promover inclus\u00e3o de PCD no trabalho, garantindo acessibilidade, adapta\u00e7\u00e3o e cumprimento da Lei de Cotas.<\/p>\n","protected":false},"author":2,"featured_media":4757,"comment_status":"closed","ping_status":"open","sticky":false,"template":"","format":"standard","meta":{"footnotes":""},"categories":[199],"tags":[],"class_list":["post-4756","post","type-post","status-publish","format-standard","has-post-thumbnail","hentry","category-dicas"],"_links":{"self":[{"href":"https:\/\/www.unovacursos.com.br\/blog\/wp-json\/wp\/v2\/posts\/4756","targetHints":{"allow":["GET"]}}],"collection":[{"href":"https:\/\/www.unovacursos.com.br\/blog\/wp-json\/wp\/v2\/posts"}],"about":[{"href":"https:\/\/www.unovacursos.com.br\/blog\/wp-json\/wp\/v2\/types\/post"}],"author":[{"embeddable":true,"href":"https:\/\/www.unovacursos.com.br\/blog\/wp-json\/wp\/v2\/users\/2"}],"replies":[{"embeddable":true,"href":"https:\/\/www.unovacursos.com.br\/blog\/wp-json\/wp\/v2\/comments?post=4756"}],"version-history":[{"count":0,"href":"https:\/\/www.unovacursos.com.br\/blog\/wp-json\/wp\/v2\/posts\/4756\/revisions"}],"wp:featuredmedia":[{"embeddable":true,"href":"https:\/\/www.unovacursos.com.br\/blog\/wp-json\/wp\/v2\/media\/4757"}],"wp:attachment":[{"href":"https:\/\/www.unovacursos.com.br\/blog\/wp-json\/wp\/v2\/media?parent=4756"}],"wp:term":[{"taxonomy":"category","embeddable":true,"href":"https:\/\/www.unovacursos.com.br\/blog\/wp-json\/wp\/v2\/categories?post=4756"},{"taxonomy":"post_tag","embeddable":true,"href":"https:\/\/www.unovacursos.com.br\/blog\/wp-json\/wp\/v2\/tags?post=4756"}],"curies":[{"name":"wp","href":"https:\/\/api.w.org\/{rel}","templated":true}]}}