{"id":4425,"date":"2025-01-28T13:11:30","date_gmt":"2025-01-28T16:11:30","guid":{"rendered":"https:\/\/www.unovacursos.com.br\/blog\/?p=4425"},"modified":"2025-01-28T13:11:32","modified_gmt":"2025-01-28T16:11:32","slug":"guarda-compartilhada","status":"publish","type":"post","link":"https:\/\/www.unovacursos.com.br\/blog\/guarda-compartilhada","title":{"rendered":"Guarda Compartilhada: Entenda Tudo Sobre Esse Regime de Guarda dos Filhos"},"content":{"rendered":"\n<p>A guarda dos filhos \u00e9 um tema delicado e complexo, especialmente quando os pais se separam. Este assunto tem ganhado destaque como uma forma de garantir o bem-estar e os interesses das crian\u00e7as.&nbsp;<\/p>\n\n\n\n<h2 class=\"wp-block-heading\">O que \u00e9 a guarda compartilhada?<\/h2>\n\n\n\n<p>Um regime de guarda onde ambos os pais t\u00eam o direito e a responsabilidade de tomar decis\u00f5es importantes sobre a vida dos filhos. Isso inclui quest\u00f5es relacionadas \u00e0 educa\u00e7\u00e3o, sa\u00fade e bem-estar geral.&nbsp;<\/p>\n\n\n\n<p>Diferente da guarda unilateral, onde apenas um dos pais possui esses direitos e responsabilidades, a <a href=\"https:\/\/vlvadvogados.com\/guarda-compartilhada\/\" target=\"_blank\" rel=\"noreferrer noopener\">guarda compartilhada<\/a> busca equilibrar a participa\u00e7\u00e3o de ambos os genitores na cria\u00e7\u00e3o dos filhos.<\/p>\n\n\n\n<h2 class=\"wp-block-heading\">Quais s\u00e3o as regras da guarda compartilhada?<\/h2>\n\n\n\n<p><strong>1. Decis\u00f5es Conjuntas:<\/strong> Os pais devem tomar decis\u00f5es importantes juntos, considerando o melhor interesse da crian\u00e7a.<\/p>\n\n\n\n<p><strong>2. Resid\u00eancia Alternada:<\/strong> A crian\u00e7a pode alternar per\u00edodos de conviv\u00eancia com cada um dos pais, de acordo com um calend\u00e1rio previamente estabelecido.<\/p>\n\n\n\n<p><strong>3. Flexibilidade e Acordo:<\/strong> O regime deve ser flex\u00edvel, permitindo ajustes conforme necess\u00e1rio e baseado em acordos m\u00fatuos entre os pais.<\/p>\n\n\n\n<h2 class=\"wp-block-heading\">Quais os outros tipos de guarda?<\/h2>\n\n\n\n<p><strong>1. Guarda Unilateral:<\/strong> A responsabilidade e os direitos sobre a crian\u00e7a s\u00e3o atribu\u00eddos a apenas um dos pais, enquanto o outro possui direitos de visita\u00e7\u00e3o.<\/p>\n\n\n\n<p><strong>2. Guarda Alternada:<\/strong> A crian\u00e7a passa per\u00edodos alternados, como semanas ou meses, morando com cada um dos pais. Diferente da guarda compartilhada, as decis\u00f5es s\u00e3o tomadas individualmente durante o per\u00edodo de conviv\u00eancia.<\/p>\n\n\n\n<p><strong>3. Guarda Aninhada<\/strong>: A crian\u00e7a permanece na mesma resid\u00eancia, enquanto os pais se alternam no cuidado, geralmente em semanas ou quinzena.<\/p>\n\n\n\n<h2 class=\"wp-block-heading\">A guarda compartilhada \u00e9 obrigat\u00f3ria?<\/h2>\n\n\n\n<p>Sim, desde a Lei 13.058\/2014, a guarda compartilhada \u00e9 considerada a regra geral no Brasil em casos de separa\u00e7\u00e3o ou div\u00f3rcio, sempre que poss\u00edvel e no melhor interesse da crian\u00e7a.<\/p>\n\n\n\n<h2 class=\"wp-block-heading\">O que acontece se um dos pais n\u00e3o aceitar a guarda compartilhada?<\/h2>\n\n\n\n<p>O caso ser\u00e1 decidido pelo juiz, que avaliar\u00e1 as circunst\u00e2ncias e o melhor interesse da crian\u00e7a. Esta autoridade pode determinar a guarda unilateral se considerar que a guarda compartilhada n\u00e3o \u00e9 vi\u00e1vel ou prejudicial para a crian\u00e7a.<\/p>\n\n\n\n<h2 class=\"wp-block-heading\">Saiba mais sobre guarda unilateral!<\/h2>\n\n\n\n<p>A guarda unilateral confere a um dos pais a responsabilidade total pelas decis\u00f5es sobre a vida da crian\u00e7a. O outro pai tem direito a visitas regulares e pode participar de algumas decis\u00f5es, dependendo do acordo judicial. Esse tipo de guarda \u00e9 geralmente aplicado quando um dos pais n\u00e3o est\u00e1 em condi\u00e7\u00f5es de compartilhar a guarda, por raz\u00f5es como aus\u00eancia, incapacidade ou falta de interesse.<\/p>\n\n\n\n<h2 class=\"wp-block-heading\">Como fa\u00e7o para pedir a guarda dos meus filhos?<\/h2>\n\n\n\n<p>\u00c9 necess\u00e1rio ingressar com uma a\u00e7\u00e3o judicial de guarda no f\u00f3rum de fam\u00edlia. Um advogado especializado pode ajudar a orientar o processo, que incluir\u00e1 audi\u00eancias e, possivelmente, media\u00e7\u00e3o entre os pais.<\/p>\n\n\n\n<h2 class=\"wp-block-heading\">Com quem meus filhos ir\u00e3o morar na Guarda Compartilhada?<\/h2>\n\n\n\n<p>Os filhos podem morar alternadamente com cada um dos pais, seguindo um cronograma acordado entre as partes ou estabelecido pelo juiz. A ideia \u00e9 que ambos os pais participem ativamente da vida dos filhos.<\/p>\n\n\n\n<h2 class=\"wp-block-heading\">Meus filhos ter\u00e3o duas casas?<\/h2>\n\n\n\n<p>Sim, na guarda compartilhada, os filhos podem ter duas casas. Isso pode ser ben\u00e9fico, desde que os pais mantenham um ambiente est\u00e1vel e harmonioso, e garantam uma comunica\u00e7\u00e3o efetiva. A estabilidade emocional e o bem-estar da crian\u00e7a s\u00e3o fundamentais.<\/p>\n\n\n\n<h2 class=\"wp-block-heading\">Quando a guarda \u00e9 compartilhada tem que pagar pens\u00e3o?&nbsp;<\/h2>\n\n\n\n<p>Sim, mesmo na guarda compartilhada, pode haver a necessidade de pagamento de pens\u00e3o aliment\u00edcia. O valor ser\u00e1 determinado com base nas necessidades da crian\u00e7a e na capacidade financeira de ambos os pais. O objetivo \u00e9 garantir que a crian\u00e7a tenha suas necessidades atendidas de forma equitativa.<\/p>\n\n\n\n<h2 class=\"wp-block-heading\">A guarda compartilhada realmente atende aos interesses dos filhos?<\/h2>\n\n\n\n<p>Quando bem aplicada, pode atender aos interesses dos filhos, proporcionando o envolvimento equilibrado dos pais na cria\u00e7\u00e3o e desenvolvimento da crian\u00e7a. No entanto, \u00e9 importante que ambos os pais colaborem e mantenham uma comunica\u00e7\u00e3o saud\u00e1vel.<\/p>\n\n\n\n<h2 class=\"wp-block-heading\">Guarda Compartilhada em cidades diferentes: \u00e9 poss\u00edvel?<\/h2>\n\n\n\n<p>Sim, \u00e9 poss\u00edvel, mas pode ser mais desafiador. Pais que moram em cidades diferentes precisam coordenar bem as visitas e os per\u00edodos de conviv\u00eancia, levando em considera\u00e7\u00e3o a rotina da crian\u00e7a, a dist\u00e2ncia e as atividades escolares.<\/p>\n\n\n\n<h2 class=\"wp-block-heading\">Em qual cidade os filhos ir\u00e3o morar ap\u00f3s a decis\u00e3o da guarda compartilhada?<\/h2>\n\n\n\n<p>A resid\u00eancia principal dos filhos ser\u00e1 determinada pelo juiz ou acordo entre os pais, considerando o melhor interesse da crian\u00e7a. Pode ser a cidade onde a crian\u00e7a j\u00e1 estuda e tem uma rotina estabelecida.<\/p>\n\n\n\n<h2 class=\"wp-block-heading\">Como funciona a guarda compartilhada para beb\u00eas e crian\u00e7as menores de 3 anos?<\/h2>\n\n\n\n<p>Deve ser adaptada \u00e0s necessidades da crian\u00e7a. A conviv\u00eancia pode ser mais frequente e em per\u00edodos curtos, garantindo que a crian\u00e7a mantenha o v\u00ednculo com ambos os pais sem comprometer sua estabilidade emocional.<\/p>\n\n\n\n<h2 class=\"wp-block-heading\">Quais os pr\u00f3s e contras da Guarda Compartilhada?<\/h2>\n\n\n\n<p><strong>Pr\u00f3s:<\/strong><\/p>\n\n\n\n<p>&#8211; Envolvimento equilibrado dos pais.<\/p>\n\n\n\n<p>&#8211; Decis\u00f5es compartilhadas.<\/p>\n\n\n\n<p>&#8211; Melhoria do relacionamento entre os pais e a crian\u00e7a.<\/p>\n\n\n\n<p><strong>Contras:<\/strong><\/p>\n\n\n\n<p>&#8211; Log\u00edstica complexa.<\/p>\n\n\n\n<p>&#8211; Necessidade de alta comunica\u00e7\u00e3o e coopera\u00e7\u00e3o entre os pais.<\/p>\n\n\n\n<p>&#8211; Poss\u00edvel impacto emocional se n\u00e3o houver harmonia entre os pais.<\/p>\n\n\n\n<h2 class=\"wp-block-heading\">\u00c9 necess\u00e1rio um advogado para dar entrada no processo de Guarda Compartilhada?<\/h2>\n\n\n\n<p>Embora n\u00e3o seja estritamente necess\u00e1rio, \u00e9 altamente recomend\u00e1vel contar com a assist\u00eancia de um advogado especializado em direito de fam\u00edlia para orientar e representar no processo de guarda compartilhada. Isso pode ajudar a garantir que os direitos de todos sejam respeitados e que o melhor interesse da crian\u00e7a seja priorizado<a href=\"https:\/\/vlvadvogados.com\/\" target=\"_blank\" rel=\"noopener\">.<\/a><\/p>\n\n\n\n<p><em>Jo\u00e3o de Jesus, radialista e assessor de imprensa<\/em><a href=\"https:\/\/www.jesusmacomunicacao.com.br\/\" target=\"_blank\" rel=\"noopener\"><em>,<\/em><\/a><em> al\u00e9m de jornalista, rec\u00e9m graduado pela Universidade Estadual do Sudoeste da Bahia<\/em><a href=\"https:\/\/www.instagram.com\/portaljesusmaccomunicacao\/\" target=\"_blank\" rel=\"noopener\"><em>.<\/em><\/a><em> INSTAGRAM: @portaljesusmaccomunicao <\/em><a href=\"https:\/\/cresiomacielsousa587.blogspot.com\/?fbclid=PAZXh0bgNhZW0CMTEAAaYTFojk9NvV4tio8XYeIVePK3F5-hFZgU-Sv6ceCAcdB3MFzsusWmpXol8_aem_nVmh_nKl5KSmPCR8xhFK0A\" target=\"_blank\" rel=\"noopener\"><em>&#8211;<\/em><\/a><em> <\/em><a href=\"https:\/\/www.instagram.com\/portaljesusmaccomunicacao\/\" target=\"_blank\" rel=\"noreferrer noopener\"><em>https:\/\/www.instagram.com\/portaljesusmaccomunicacao\/<\/em><\/a><em>\u00a0<\/em><\/p>\n\n\n\n<p><em>Com informa\u00e7\u00f5es de publica\u00e7\u00f5es em diversos sites, como <\/em><a href=\"https:\/\/vlvadvogados.com\/\" target=\"_blank\" rel=\"noreferrer noopener\"><em>https:\/\/vlvadvogados.com\/<\/em><\/a><em>\u00a0<\/em><\/p>\n","protected":false},"excerpt":{"rendered":"<p>A guarda dos filhos \u00e9 um tema crucial ap\u00f3s separa\u00e7\u00f5es. Descubra o que \u00e9 a guarda compartilhada, suas regras e como pode beneficiar o bem-estar das crian\u00e7as.<\/p>\n","protected":false},"author":2,"featured_media":4426,"comment_status":"closed","ping_status":"open","sticky":false,"template":"","format":"standard","meta":{"footnotes":""},"categories":[1],"tags":[],"class_list":["post-4425","post","type-post","status-publish","format-standard","has-post-thumbnail","hentry","category-empreendedorismo"],"_links":{"self":[{"href":"https:\/\/www.unovacursos.com.br\/blog\/wp-json\/wp\/v2\/posts\/4425","targetHints":{"allow":["GET"]}}],"collection":[{"href":"https:\/\/www.unovacursos.com.br\/blog\/wp-json\/wp\/v2\/posts"}],"about":[{"href":"https:\/\/www.unovacursos.com.br\/blog\/wp-json\/wp\/v2\/types\/post"}],"author":[{"embeddable":true,"href":"https:\/\/www.unovacursos.com.br\/blog\/wp-json\/wp\/v2\/users\/2"}],"replies":[{"embeddable":true,"href":"https:\/\/www.unovacursos.com.br\/blog\/wp-json\/wp\/v2\/comments?post=4425"}],"version-history":[{"count":1,"href":"https:\/\/www.unovacursos.com.br\/blog\/wp-json\/wp\/v2\/posts\/4425\/revisions"}],"predecessor-version":[{"id":4427,"href":"https:\/\/www.unovacursos.com.br\/blog\/wp-json\/wp\/v2\/posts\/4425\/revisions\/4427"}],"wp:featuredmedia":[{"embeddable":true,"href":"https:\/\/www.unovacursos.com.br\/blog\/wp-json\/wp\/v2\/media\/4426"}],"wp:attachment":[{"href":"https:\/\/www.unovacursos.com.br\/blog\/wp-json\/wp\/v2\/media?parent=4425"}],"wp:term":[{"taxonomy":"category","embeddable":true,"href":"https:\/\/www.unovacursos.com.br\/blog\/wp-json\/wp\/v2\/categories?post=4425"},{"taxonomy":"post_tag","embeddable":true,"href":"https:\/\/www.unovacursos.com.br\/blog\/wp-json\/wp\/v2\/tags?post=4425"}],"curies":[{"name":"wp","href":"https:\/\/api.w.org\/{rel}","templated":true}]}}