{"id":4064,"date":"2024-05-02T17:51:31","date_gmt":"2024-05-02T20:51:31","guid":{"rendered":"https:\/\/www.unovacursos.com.br\/blog\/?p=4064"},"modified":"2024-05-02T17:51:33","modified_gmt":"2024-05-02T20:51:33","slug":"racismo-e-preconceito","status":"publish","type":"post","link":"https:\/\/www.unovacursos.com.br\/blog\/racismo-e-preconceito","title":{"rendered":"Racismo e Preconceito: O que \u00e9 como combat\u00ea-lo na sociedade"},"content":{"rendered":"\n<p>Entre 2022 e 2023, aumentou em 67% os casos de <strong>racismo e preconceito<\/strong> no Brasil. Os <a href=\"https:\/\/noticias.uol.com.br\/cotidiano\/ultimas-noticias\/2023\/07\/20\/crescimento-casos-racismo.htm\" target=\"_blank\" rel=\"noreferrer noopener\"><strong>dados est\u00e3o no 17\u00ba Anu\u00e1rio Brasileiro de Seguran\u00e7a P\u00fablica<\/strong><\/a>.\u00a0<\/p>\n\n\n\n<p>No documento, a inj\u00faria racial aumentou em 32,3% entre 2021 e 2022. As regi\u00f5es com a maioria dos casos se concentram em S\u00e3o Paulo, Rio de Janeiro e Paran\u00e1, mas infelizmente, todo o pa\u00eds \u00e9 afetado por esse problema.<\/p>\n\n\n\n<p>O Brasil possui mais de 50% de sua popula\u00e7\u00e3o considerada negra e parda e a grande maioria dos casos de racismo no pa\u00eds s\u00e3o relacionados a discrimina\u00e7\u00e3o com pessoas pretas.&nbsp;<\/p>\n\n\n\n<p>Isso mostra uma contrariedade abrangente no Brasil, onde a popula\u00e7\u00e3o n\u00e3o reconhece sua ancestralidade e ainda passa por uma alta discrimina\u00e7\u00e3o pela cor da pele, mesmo que o pa\u00eds possui <a href=\"https:\/\/www.unovacursos.com.br\/curso\/representatividade-negra\"><strong>maioria preta<\/strong><\/a>, perdendo apenas para Nig\u00e9ria.<\/p>\n\n\n\n<p>Apesar de ser um pa\u00eds com alta miscigena\u00e7\u00e3o, o racismo, mesmo velado \u00e9 uma realidade persistente.&nbsp;<\/p>\n\n\n\n<p>Mas como combat\u00ea-lo? Qual o impacto na sociedade e como preparar as novas gera\u00e7\u00f5es promovendo o respeito e acabando com o racismo? Falaremos sobre isso logo mais. Confira.<\/p>\n\n\n\n<h2 class=\"wp-block-heading\">Defini\u00e7\u00e3o de racismo e preconceito&nbsp;<\/h2>\n\n\n\n<p>Segundo o dicion\u00e1rio, o racismo \u00e9 uma atitude hostil a uma categoria de pessoas que se julga inferior e isso pode ser destinado para pessoas por causa da cor de sua pele, sua cultura e descend\u00eancia.&nbsp;<\/p>\n\n\n\n<p>O preconceito, segundo o dicion\u00e1rio, \u00e9 um sentimento de hostilidade onde se cria opini\u00f5es intolerantes sobre uma pessoa ou grupo de pessoas, por\u00e9m, opini\u00f5es sem base cr\u00edtica.&nbsp;<\/p>\n\n\n\n<p>O racismo \u00e9 uma mol\u00e9stia social que d\u00e1 a algumas pessoas uma sensa\u00e7\u00e3o de superioridade sobre outras, apenas por se achar melhor pela cor de sua pele, levando essa <a href=\"https:\/\/www.unovacursos.com.br\/curso\/relacoes-etnico-raciais\"><strong>discrimina\u00e7\u00e3o racial<\/strong><\/a> a todo tipo de viol\u00eancia.&nbsp;<\/p>\n\n\n\n<p>O preconceito \u00e9 o julgamento a algo que se acredita estereotipado, ou seja, por n\u00e3o conhecer, cria-se uma vis\u00e3o negativa de algo, algu\u00e9m ou situa\u00e7\u00f5es e fatos.<\/p>\n\n\n\n<p>Como a pr\u00f3pria palavra diz, \u00e9 um pr\u00e9-conceito de algo que n\u00e3o se sabe, n\u00e3o tem conhecimento, mas julga saber e por apenas achar, j\u00e1 se cr\u00ea ser algo ruim.<\/p>\n\n\n\n<p>O racismo e preconceito tamb\u00e9m pode ser definido como uma atitude xen\u00f3foba, ou seja, intoler\u00e2ncia e avers\u00e3o a pessoas estrangeiras ou de outras regi\u00f5es de um mesmo pa\u00eds, assim como pertencente a uma vis\u00e3o diferente de uma maioria.&nbsp;<\/p>\n\n\n\n<p>No Brasil, o racismo \u00e9 amplamente destinado a comunidade preta, mas qual a fonte desse \u201c\u00f3dio gratuito\u201d? Vejamos no pr\u00f3ximo t\u00f3pico.<\/p>\n\n\n\n<h2 class=\"wp-block-heading\">Por que quando se fala em racismo, se atribui sempre as pessoas pretas?&nbsp;<\/h2>\n\n\n\n<p>Vimos no t\u00f3pico anterior o que \u00e9 racismo e ele pode ser atribu\u00eddo a qualquer grupo de pessoas, mas por que no Brasil vemos ele cada vez mais relacionado a comunidade negra?<\/p>\n\n\n\n<p>A partir de 13 de maio de 1888, o Brasil passou a ter a <a href=\"https:\/\/www.planalto.gov.br\/ccivil_03\/leis\/lim\/lim3353.htm#:~:text=LEI%20N%C2%BA%203.353%2C%20DE%2013,Art.\" target=\"_blank\" rel=\"noopener\"><strong>Lei \u00c1urea<\/strong><\/a>, lei que colocou fim na escravid\u00e3o dos negros trazidos do continente africano, sendo o pa\u00eds, o \u00faltimo a abolir a escravatura no mundo.<\/p>\n\n\n\n<p>Por volta de 300 anos, nosso pa\u00eds escravizou milhares de homens e mulheres apenas por causa da cor de sua pele, submetendo essas pessoas a uma vida prec\u00e1ria de viol\u00eancia e mis\u00e9ria.&nbsp;<\/p>\n\n\n\n<p>Com o fim da escravid\u00e3o, n\u00e3o houve pol\u00edticas p\u00fablicas que promovessem uma vida digna para a comunidade negra, que por muito tempo, ficou fadada a uma sobreviv\u00eancia abaixo da dignidade.<\/p>\n\n\n\n<p>Por isso, as pessoas pretas sofreram todo tipo de racismo e preconceito, por parte da comunidade branca, que por deterem de boa parte dos recursos, mitigavam as oportunidades aos negros, classificando como pessoas de menor valor.&nbsp;<\/p>\n\n\n\n<p>At\u00e9 os dias de hoje, mesmo em um mundo civilizado e tecnol\u00f3gico, o Brasil \u00e9 um dos pa\u00edses com mais casos de racismo, pois a comunidade branca ainda insiste em tratar as pessoas pretas como inferiores e detendo seu avan\u00e7o na sociedade.<\/p>\n\n\n\n<p>Com a luta de pol\u00edticos e um mundo cada vez mais globalizado, vemos as leis mudarem e mais e mais negros tomando seu espa\u00e7o de respeito e poder na sociedade, impondo regras que promovem o respeito e seu valor.<\/p>\n\n\n\n<p>Em outras na\u00e7\u00f5es, pode-se ver outros tipos de racismos como avers\u00e3o a uma religi\u00e3o, cultura ou povo espec\u00edfico, e todos esses tipos de preconceito devem ser abolidos, se quisermos uma sociedade harm\u00f4nica de verdade.&nbsp;<\/p>\n\n\n\n<h2 class=\"wp-block-heading\">Como preparar as novas gera\u00e7\u00f5es para uma sociedade sem racismo?<\/h2>\n\n\n\n<p>As novas gera\u00e7\u00f5es j\u00e1 est\u00e3o a\u00ed e \u00e9 obriga\u00e7\u00e3o dos adultos prepar\u00e1-las para criar uma sociedade mais tolerante e menos racista, ao ponto de abolir essa pr\u00e1tica nociva.<\/p>\n\n\n\n<p>\u00c9 papel fundamental dos pais educar os filhos para que tenham respeito por qualquer pessoa, independente da cor da pele, do seu status, religi\u00e3o, g\u00eanero ou <a href=\"https:\/\/www.unovacursos.com.br\/curso\/direitos-lgbtq\"><strong>orienta\u00e7\u00e3o sexual<\/strong><\/a>.<\/p>\n\n\n\n<p>Crian\u00e7as que sabem respeitar outras pessoas ser\u00e3o adultos mais conscientes, educados, respeitadores e n\u00e3o ir\u00e3o discriminar algu\u00e9m apenas por n\u00e3o ter a mesma tonalidade de pele.&nbsp;<\/p>\n\n\n\n<p>\u00c9 vital ensinar as crian\u00e7as que ter preconceitos sobre qualquer tipo de pessoa, apenas por ter uma opini\u00e3o divergente, mas que afeta a honra e moral de algu\u00e9m \u00e9 crime.<\/p>\n\n\n\n<p>Para a nova sociedade que se espera para o futuro, que n\u00e3o est\u00e1 t\u00e3o distante assim, o racismo e preconceito devem ser abolidas assim como a escravid\u00e3o.<\/p>\n\n\n\n<p>Como disse o pastor batista e ativista pelo movimento negro Martin Luther King \u201cEu<em> tenho um sonho, que meus filhos sejam julgados por sua personalidade e atos e n\u00e3o pela cor de sua pele\u201d,<\/em> que assim seja.<\/p>\n\n\n\n<h2 class=\"wp-block-heading\">Curso de Racismo e Preconceito<\/h2>\n\n\n\n<p>Estes dois pontos negativos da sociedade, impedem o crescimento harm\u00f4nico e a preval\u00eancia de um povo mais unido e feliz.&nbsp;<\/p>\n\n\n\n<p>\u00c9 fundamental que haja a educa\u00e7\u00e3o, o di\u00e1logo e a constru\u00e7\u00e3o de estruturas e estrat\u00e9gias que visem erradicar tais atitudes e garantir que haja mais inclus\u00e3o e respeito entre todos.<\/p>\n\n\n\n<p>Para entender melhor como funciona e estudar mais sobre o assunto, <a href=\"https:\/\/www.unovacursos.com.br\/curso\/racismo-e-preconceito\"><strong>fa\u00e7a o curso Racismo e Preconceito<\/strong><\/a>.<\/p>\n\n\n\n<p>Neste curso, voc\u00ea ter\u00e1 aulas sobre Origem do racismo no Brasil, Holocausto, Apartheid, Movimento negro e muito mais.&nbsp;<\/p>\n\n\n\n<p>O curso possui n\u00edvel intermedi\u00e1rio, com carga hor\u00e1ria de 50 horas. S\u00e3o mais de 20 aulas de estudo e com <a href=\"https:\/\/www.unovacursos.com.br\/certificados\"><strong>op\u00e7\u00e3o de certificado<\/strong><\/a> v\u00e1lido e aceito em todo pa\u00eds. Acesse e matricule-se!<\/p>\n","protected":false},"excerpt":{"rendered":"<p>O aumento de casos de racismo e preconceito no Brasil \u00e9 alarmante. Descubra a defini\u00e7\u00e3o e origem desse problema social e como combat\u00ea-lo. Confira!<\/p>\n","protected":false},"author":2,"featured_media":4065,"comment_status":"closed","ping_status":"open","sticky":false,"template":"","format":"standard","meta":{"footnotes":""},"categories":[34],"tags":[],"class_list":["post-4064","post","type-post","status-publish","format-standard","has-post-thumbnail","hentry","category-educacao"],"_links":{"self":[{"href":"https:\/\/www.unovacursos.com.br\/blog\/wp-json\/wp\/v2\/posts\/4064","targetHints":{"allow":["GET"]}}],"collection":[{"href":"https:\/\/www.unovacursos.com.br\/blog\/wp-json\/wp\/v2\/posts"}],"about":[{"href":"https:\/\/www.unovacursos.com.br\/blog\/wp-json\/wp\/v2\/types\/post"}],"author":[{"embeddable":true,"href":"https:\/\/www.unovacursos.com.br\/blog\/wp-json\/wp\/v2\/users\/2"}],"replies":[{"embeddable":true,"href":"https:\/\/www.unovacursos.com.br\/blog\/wp-json\/wp\/v2\/comments?post=4064"}],"version-history":[{"count":1,"href":"https:\/\/www.unovacursos.com.br\/blog\/wp-json\/wp\/v2\/posts\/4064\/revisions"}],"predecessor-version":[{"id":4066,"href":"https:\/\/www.unovacursos.com.br\/blog\/wp-json\/wp\/v2\/posts\/4064\/revisions\/4066"}],"wp:featuredmedia":[{"embeddable":true,"href":"https:\/\/www.unovacursos.com.br\/blog\/wp-json\/wp\/v2\/media\/4065"}],"wp:attachment":[{"href":"https:\/\/www.unovacursos.com.br\/blog\/wp-json\/wp\/v2\/media?parent=4064"}],"wp:term":[{"taxonomy":"category","embeddable":true,"href":"https:\/\/www.unovacursos.com.br\/blog\/wp-json\/wp\/v2\/categories?post=4064"},{"taxonomy":"post_tag","embeddable":true,"href":"https:\/\/www.unovacursos.com.br\/blog\/wp-json\/wp\/v2\/tags?post=4064"}],"curies":[{"name":"wp","href":"https:\/\/api.w.org\/{rel}","templated":true}]}}