{"id":4033,"date":"2024-04-09T13:53:01","date_gmt":"2024-04-09T16:53:01","guid":{"rendered":"https:\/\/www.unovacursos.com.br\/blog\/?p=4033"},"modified":"2024-04-09T13:53:03","modified_gmt":"2024-04-09T16:53:03","slug":"teologia-aplicada-a-inteligencia-emocional","status":"publish","type":"post","link":"https:\/\/www.unovacursos.com.br\/blog\/teologia-aplicada-a-inteligencia-emocional","title":{"rendered":"O que \u00e9 a Teologia Aplicada a Intelig\u00eancia Emocional e sua import\u00e2ncia"},"content":{"rendered":"\n<p>Em v\u00e1rias passagens da B\u00edblia, \u00e9 n\u00edtido como os patriarcas da f\u00e9 tiveram que usar sua <a href=\"https:\/\/www.unovacursos.com.br\/curso\/curso-gratis-online-inteligencia-emocional\"><strong>intelig\u00eancia emocional<\/strong><\/a> para lidar com as adversidades.&nbsp;<\/p>\n\n\n\n<p>Jos\u00e9 foi tra\u00eddo por seus irm\u00e3os e feito escravo no Egito, e mesmo que isso tenha culminado em sua ascens\u00e3o ao governo daquele pa\u00eds d\u00e9cadas depois, ele passou por muita dificuldade que poderiam lev\u00e1-lo a desistir de seu prop\u00f3sito (G\u00eanesis 41).<\/p>\n\n\n\n<p>Elias era um profeta muito famoso em seu tempo, com grande poderio de Deus e temido por reis, mas com apenas a palavra de uma rainha m\u00e1, Elias ficou temeroso e fugiu para n\u00e3o morrer (I Reis 19).&nbsp;<\/p>\n\n\n\n<p>Os dois exemplos mostram como a intelig\u00eancia emocional \u00e9 vital para nos dar coragem e como a falta dela pode tirar at\u00e9 mesmo a nossa f\u00e9 quando mais precisamos crer.<\/p>\n\n\n\n<p>Jos\u00e9 conseguiu passar pela escravid\u00e3o, pela pris\u00e3o e se tornou governador eg\u00edpcio e Elias foi encorajado por Deus a n\u00e3o desistir e continuar sua caminhada prof\u00e9tica cumprindo seu prop\u00f3sito.<\/p>\n\n\n\n<p>A Teologia, estudo sobre Deus ou divindades, tem uma aplica\u00e7\u00e3o espec\u00edfica para a Intelig\u00eancia focada nas emo\u00e7\u00f5es e hoje falaremos sobre ela para vida de crist\u00e3os e pessoas de f\u00e9. Confira.<\/p>\n\n\n\n<h2 class=\"wp-block-heading\">O que \u00e9 a Teologia Aplicada a Intelig\u00eancia Emocional?<\/h2>\n\n\n\n<p><a href=\"https:\/\/www.unovacursos.com.br\/curso\/curso-gratuito-online-teologia\"><strong>Teologia<\/strong><\/a> \u00e9 o estudo de Deus, seus atributos e como o homem se relaciona com a f\u00e9. Apesar de ser mais conhecida como um estudo tipicamente crist\u00e3o, a teologia pode ser utilizada para estudo de qualquer religi\u00e3o e divindade.&nbsp;<\/p>\n\n\n\n<p>O cristianismo \u00e9 uma religi\u00e3o que tem como base a cren\u00e7a em Jesus Cristo, divindade que se fez humano para pregar a salva\u00e7\u00e3o da humanidade.<\/p>\n\n\n\n<p>Esta religi\u00e3o acabou difundindo a teologia com mais enfase e por isso o termo teologia \u00e9 geralmente associado ao cristianismo, por\u00e9m, todas as religi\u00f5es podem fazer uso deste termo e estudo em sua f\u00e9 e divindades que cr\u00ea.&nbsp;<\/p>\n\n\n\n<p>Por ser o mais conhecido, a teologia crist\u00e3 \u00e9 o foco deste artigo, visando sua aplica\u00e7\u00e3o na intelig\u00eancia emocional.<\/p>\n\n\n\n<p>Antes de entender como ambas funcionam juntas, \u00e9 preciso entender o que \u00e9 a intelig\u00eancia emocional.<\/p>\n\n\n\n<p>A intelig\u00eancia emocional \u00e9 a capacidade de um indiv\u00edduo reconhecer suas pr\u00f3prias emo\u00e7\u00f5es, sentimentos e saber como lidar com eles.<\/p>\n\n\n\n<p>O termo e estudo, foram conceituados pelo famoso psic\u00f3logo e escritor <strong>Daniel Goleman<\/strong>.<\/p>\n\n\n\n<p>Ele desta que o autoconhecimento \u00e9 vital para o controle das emo\u00e7\u00f5es e pessoas emocionalmente fortes, s\u00e3o firmes, emp\u00e1ticas e motivadas, lidando e agindo com maturidade em situa\u00e7\u00f5es dif\u00edceis ou conflituosas.&nbsp;<\/p>\n\n\n\n<p>Uma pessoa inteligente emocionalmente, consegue identificar quais as emo\u00e7\u00f5es est\u00e3o latentes e controla de modo racional e maduro, n\u00e3o dando margem para sentimentalismos ou destemperos.&nbsp;<\/p>\n\n\n\n<p>Muito se fala na intelig\u00eancia emocional no trabalho, uma das \u00e1reas que mais se necessita de <strong>controle emocional <\/strong>para lidar com dificuldades e pessoas de in\u00fameros comportamentos e personalidades.<\/p>\n\n\n\n<p>Mas ela pode ser utilizada em qualquer contexto e \u00e1rea da vida, inclusive no \u00e2mbito espiritual e religioso. Para entender como, veja o pr\u00f3ximo t\u00f3pico.<\/p>\n\n\n\n<h2 class=\"wp-block-heading\">L\u00edderes emocionalmente abalados: A import\u00e2ncia da intelig\u00eancia emocional na vida de l\u00edderes religiosos<\/h2>\n\n\n\n<p>Quando se fala na Teologia Aplicada a Intelig\u00eancia Emocional, \u00e9 fundamental entender o porqu\u00ea ela tem se tornado cada vez mais importante atualmente.<\/p>\n\n\n\n<p>Em 2015, uma <strong><a href=\"https:\/\/guiame.com.br\/gospel\/mundo-cristao\/pesquisa-48-dos-pastores-afirmam-se-sentir-desgastados-pelo-ministerio\" target=\"_blank\" rel=\"noopener\">pesquisa ameri<\/a><a href=\"https:\/\/guiame.com.br\/gospel\/mundo-cristao\/pesquisa-48-dos-pastores-afirmam-se-sentir-desgastados-pelo-ministerio\" target=\"_blank\" rel=\"noreferrer noopener\">c<\/a><a href=\"https:\/\/guiame.com.br\/gospel\/mundo-cristao\/pesquisa-48-dos-pastores-afirmam-se-sentir-desgastados-pelo-ministerio\" target=\"_blank\" rel=\"noopener\">ana<\/a><\/strong> com 1.500 pastores mostrou que 48% deles afirmaram estarem desgastados emocionalmente com o minist\u00e9rio pastoral.<\/p>\n\n\n\n<p>Em um <strong><a href=\"https:\/\/visaomundial.org.br\/noticias\/pesquisa-mostra-que-mais-da-metade-dos-lideres-religiosos-sofrem-com-depressao\" target=\"_blank\" rel=\"noreferrer noopener\">estudo mais recente<\/a><\/strong>, afirmou que 56% dos pastores tem depress\u00e3o e 65% afirmam se sentir solit\u00e1rios. 1 em cada 3 l\u00edderes pastorais sofrer\u00e1 de esgotamento emocional.<\/p>\n\n\n\n<p>Esses dados assustadores, mostram como a vida ministerial de um pastor s\u00e9rio pode ser complexa e que estes n\u00e3o est\u00e3o livres de passar por doen\u00e7as e transtornos emocionais.<\/p>\n\n\n\n<p>Aconselhamento, intermedia\u00e7\u00e3o de conflitos de fam\u00edlias, casais e entres membros, al\u00e9m de preparar o serm\u00e3o semanal, visitas, ter o cuidado com sua vida secular e ainda cuidar da pr\u00f3pria fam\u00edlia, s\u00e3o alguns pontos que um pastor deve se preocupar.&nbsp;<\/p>\n\n\n\n<p>Fora isso, estar atento as finan\u00e7as da igreja, as necessidades dos membros em situa\u00e7\u00f5es dif\u00edceis de sa\u00fade e dinheiro, tamb\u00e9m fazem parte do papel do pastor.&nbsp;<\/p>\n\n\n\n<p>Um pastor com boa intelig\u00eancia emocional, ainda que seja atingido por muitas obriga\u00e7\u00f5es, consegue separar tanto seu tempo como seu controle diante de tais adversidades.&nbsp;<\/p>\n\n\n\n<p>Para isso, ele precisa fortalecer suas emo\u00e7\u00f5es, mas como? No pr\u00f3ximo t\u00f3pico veremos essa resposta.<\/p>\n\n\n\n<h2 class=\"wp-block-heading\">Como desenvolver e fortalecer a intelig\u00eancia emocional na vida espiritual<\/h2>\n\n\n\n<ul class=\"wp-block-list\">\n<li><strong>Fa\u00e7a tudo aquilo que est\u00e1 a seu alcance. N\u00e3o v\u00e1 al\u00e9m<\/strong><\/li>\n<\/ul>\n\n\n\n<p>\u00c0s vezes, uma das grandes dificuldades dos l\u00edderes \u00e9 conseguir dizer n\u00e3o, ou fazer algo at\u00e9 determinado ponto.&nbsp;<\/p>\n\n\n\n<p>Ou\u00e7a seu corpo, conserve sua sa\u00fade e observe seus limites. Ir al\u00e9m do que est\u00e1 a seu alcance pode custar caro. Deixe o imposs\u00edvel nas m\u00e3os divinas e fa\u00e7a apenas aquilo que \u00e9 poss\u00edvel.<\/p>\n\n\n\n<ul class=\"wp-block-list\">\n<li><strong>Em meio a conflitos, seja s\u00e1bio e firme, mas evite problemas desnecess\u00e1rios<\/strong><\/li>\n<\/ul>\n\n\n\n<p>A B\u00edblia diz em I Tiago 1:19 que devemos ser prontos para ouvir, tardios em falar e ainda mais tardios em ficarmos irados.<\/p>\n\n\n\n<p>Essa li\u00e7\u00e3o mostra uma grande base de intelig\u00eancia emocional, pois mostra o controle em saber ouvir e falar apenas quando necess\u00e1rio, evitando intrigas.<\/p>\n\n\n\n<p>Portanto, voc\u00ea que \u00e9 l\u00edder espiritual, tenha uma personalidade pac\u00edfica, mas firme, que mostre a autoridade e respeito que devem zelar por voc\u00ea.&nbsp;<\/p>\n\n\n\n<ul class=\"wp-block-list\">\n<li><strong>Busque ajuda de um psic\u00f3logo profissional<\/strong><\/li>\n<\/ul>\n\n\n\n<p>E quando as coisas apertarem dentro de voc\u00ea, n\u00e3o hesite em <a href=\"https:\/\/www.unovacursos.com.br\/curso\/psicologia-social\"><strong>buscar ajuda psicol\u00f3gica<\/strong><\/a>.<\/p>\n\n\n\n<p>Os psic\u00f3logos s\u00e3o profissionais neutros que n\u00e3o imp\u00f5em f\u00e9 ou vis\u00e3o religiosa, mas foca no desenvolvimento da intelig\u00eancia emocional.&nbsp;<\/p>\n\n\n\n<p>\u00c9 poss\u00edvel desenvolv\u00ea-la e diante de adversidades pr\u00f3prias do minist\u00e9rio, o psic\u00f3logo pode ser fundamental para ajud\u00e1-lo nesse processo.&nbsp;<\/p>\n\n\n\n<h2 class=\"wp-block-heading\">Curso de Teologia Aplicada a Intelig\u00eancia Emocional<\/h2>\n\n\n\n<p>A intelig\u00eancia emocional \u00e9 fundamental para uma vida mais racional, p\u00e9 no ch\u00e3o e com menos atitudes emocionais que podem comprometer nosso julgamento, vis\u00e3o e forma como lidamos com os problemas na vida.<\/p>\n\n\n\n<p>O l\u00edder espiritual crist\u00e3o, passa por muitos desafios enquanto ministro e precisa saber como controlar suas emo\u00e7\u00f5es diante de in\u00fameras situa\u00e7\u00f5es.<\/p>\n\n\n\n<p>Para ajud\u00e1-lo, o <a href=\"https:\/\/www.unovacursos.com.br\/curso\/teologia-aplicada-inteligencia-emocional#:~:text=A%20Teologia%20Aplicada%20%C3%A0%20Intelig%C3%AAncia,compreens%C3%A3o%20e%20gest%C3%A3o%20das%20emo%C3%A7%C3%B5es.\"><strong>curso de Teologia Aplicada a Intelig\u00eancia Emocional<\/strong><\/a> \u00e9 perfeito para desenvolver emo\u00e7\u00f5es mais maduras no \u00e2mbito espiritual.<\/p>\n\n\n\n<p>O curso possui aulas como controle das influ\u00eancias das emo\u00e7\u00f5es no comportamento, compet\u00eancia emocional, limitadores das mudan\u00e7as e muito mais.&nbsp;<\/p>\n\n\n\n<p>Curso <strong>100% online e gratuito<\/strong>, perfeito para seu crescimento tanto pessoal como profissional.&nbsp;<\/p>\n\n\n\n<p>Com <a href=\"https:\/\/www.unovacursos.com.br\/certificados\"><strong>op\u00e7\u00e3o de certificado<\/strong><\/a> v\u00e1lido e aceito em todo pa\u00eds, obtenha complementa\u00e7\u00e3o profissional em teologia. Estude e se qualifique para vida. Matricule-se j\u00e1.&nbsp;<\/p>\n","protected":false},"excerpt":{"rendered":"<p>Descubra a import\u00e2ncia da Teologia Aplicada \u00e0 Intelig\u00eancia Emocional na vida de l\u00edderes religiosos e como ela pode auxiliar na sa\u00fade emocional. Confira!<\/p>\n","protected":false},"author":2,"featured_media":4034,"comment_status":"closed","ping_status":"open","sticky":false,"template":"","format":"standard","meta":{"footnotes":""},"categories":[199,188],"tags":[],"class_list":["post-4033","post","type-post","status-publish","format-standard","has-post-thumbnail","hentry","category-dicas","category-saude-e-beleza"],"_links":{"self":[{"href":"https:\/\/www.unovacursos.com.br\/blog\/wp-json\/wp\/v2\/posts\/4033","targetHints":{"allow":["GET"]}}],"collection":[{"href":"https:\/\/www.unovacursos.com.br\/blog\/wp-json\/wp\/v2\/posts"}],"about":[{"href":"https:\/\/www.unovacursos.com.br\/blog\/wp-json\/wp\/v2\/types\/post"}],"author":[{"embeddable":true,"href":"https:\/\/www.unovacursos.com.br\/blog\/wp-json\/wp\/v2\/users\/2"}],"replies":[{"embeddable":true,"href":"https:\/\/www.unovacursos.com.br\/blog\/wp-json\/wp\/v2\/comments?post=4033"}],"version-history":[{"count":1,"href":"https:\/\/www.unovacursos.com.br\/blog\/wp-json\/wp\/v2\/posts\/4033\/revisions"}],"predecessor-version":[{"id":4035,"href":"https:\/\/www.unovacursos.com.br\/blog\/wp-json\/wp\/v2\/posts\/4033\/revisions\/4035"}],"wp:featuredmedia":[{"embeddable":true,"href":"https:\/\/www.unovacursos.com.br\/blog\/wp-json\/wp\/v2\/media\/4034"}],"wp:attachment":[{"href":"https:\/\/www.unovacursos.com.br\/blog\/wp-json\/wp\/v2\/media?parent=4033"}],"wp:term":[{"taxonomy":"category","embeddable":true,"href":"https:\/\/www.unovacursos.com.br\/blog\/wp-json\/wp\/v2\/categories?post=4033"},{"taxonomy":"post_tag","embeddable":true,"href":"https:\/\/www.unovacursos.com.br\/blog\/wp-json\/wp\/v2\/tags?post=4033"}],"curies":[{"name":"wp","href":"https:\/\/api.w.org\/{rel}","templated":true}]}}