{"id":3711,"date":"2023-08-09T21:06:41","date_gmt":"2023-08-10T00:06:41","guid":{"rendered":"https:\/\/www.unovacursos.com.br\/blog\/?p=3711"},"modified":"2023-08-09T21:12:31","modified_gmt":"2023-08-10T00:12:31","slug":"transtorno-do-espectro-autista-o-que-e","status":"publish","type":"post","link":"https:\/\/www.unovacursos.com.br\/blog\/transtorno-do-espectro-autista-o-que-e","title":{"rendered":"Transtorno do Espectro Autista: O que \u00e9 e como identificar? Tratamentos e informa\u00e7\u00f5es"},"content":{"rendered":"\n<p>O <strong>transtorno do Espectro Autista<\/strong> \u00e9 considerado um transtorno pela <a href=\"https:\/\/www.paho.org\/pt\/topicos\/transtorno-do-espectro-autista\" target=\"_blank\" rel=\"noreferrer noopener\"><strong>ONU<\/strong><\/a> e determinado que todo dia 02 de abril \u00e9 o dia mundial de conscientiza\u00e7\u00e3o do Autismo.<\/p>\n\n\n\n<p>Mas, afinal, o que \u00e9 o Autismo? Descoberto em meados da d\u00e9cada de 1940, o transtorno do Espectro Autista manifesta-se como uma condi\u00e7\u00e3o que o individuo tem um desenvolvimento neurol\u00f3gico deficiente e afeta sua vida social e comportamento.<\/p>\n\n\n\n<p>Dificuldade em se socializar com comunica\u00e7\u00e3o e intera\u00e7\u00e3o comprometida, comportamento repetitivo e restrito, al\u00e9m de preju\u00edzo na formula\u00e7\u00e3o do pensamento e <a href=\"https:\/\/www.unovacursos.com.br\/curso\/curso-online-gratis-disgrafia-transtorno-de-aprendizagem\"><strong>transtorno de aprendizagem<\/strong><\/a>, s\u00e3o alguns pontos caracter\u00edsticos dessa condi\u00e7\u00e3o.&nbsp;<\/p>\n\n\n\n<p>O autismo tem sido alvo de estudos nas \u00faltimas d\u00e9cadas, principalmente com o aumento de casos, inclusive, entre adultos.&nbsp;<\/p>\n\n\n\n<p>Para entender como funciona esse transtorno e conhecer sua hist\u00f3ria, sintomas e tratamentos, confira este artigo informativo e saiba como aprender mais sobre o assunto. Confira.&nbsp;<\/p>\n\n\n\n<h2 class=\"wp-block-heading\"><strong>O que \u00e9 o Transtorno do Espectro Autista?<\/strong><\/h2>\n\n\n\n<p>O Autismo, classificado corretamente como Transtorno do Espectro Autista (TEA), \u00e9 um transtorno de sa\u00fade que afeta o <a href=\"https:\/\/www.unovacursos.com.br\/curso\/curso-gratuito-online-programacao-neurolinguistica\"><strong>neurodesenvolvimento humano<\/strong><\/a>.&nbsp;<\/p>\n\n\n\n<p>Antes de 2013, o autismo era reconhecido como Transtorno apenas, mas foi acrescido a palavra espectro que designa os diversos tipos e varia\u00e7\u00f5es do autismo.&nbsp;<\/p>\n\n\n\n<p>O autista possui grande comprometimento em rela\u00e7\u00e3o ao comportamento e isso reflete em seus relacionamentos sociais.&nbsp;<\/p>\n\n\n\n<p>\u00c9 poss\u00edvel que al\u00e9m do autismo, a pessoa tenha outros transtornos, s\u00edndromes e doen\u00e7as associadas como epilepsia e <a href=\"https:\/\/www.unovacursos.com.br\/curso\/lidando-com-a-hiperatividade\"><strong>TDAH<\/strong><\/a>.&nbsp;<\/p>\n\n\n\n<p>O transtorno \u00e9 considerado comum, afetando 1 em 44 pessoas e 2% da popula\u00e7\u00e3o mundial possui a condi\u00e7\u00e3o. O Brasil possui em torno de 2 milh\u00f5es de pessoas com autismo.&nbsp;<\/p>\n\n\n\n<h2 class=\"wp-block-heading\"><strong>Hist\u00f3ria do Transtorno do Espectro Autista no Mundo e no Brasil<\/strong><\/h2>\n\n\n\n<p>O autismo foi descrito pela primeira vez pela classe m\u00e9dica no ano de 1943 atrav\u00e9s do Doutor Leo Kanner.&nbsp;<\/p>\n\n\n\n<p>Ele estudava 11 pessoas entre crian\u00e7as e adultos com condi\u00e7\u00f5es de comportamento que dificultavam intera\u00e7\u00e3o social e v\u00edcios repetitivos.<\/p>\n\n\n\n<p>No ano seguinte, o Doutor Hans Asperger escreveu um trabalho que descrevia comportamentos e sintomas semelhantes aos observados pelo doutor Kanner.<\/p>\n\n\n\n<p>Com tais estudos, ao longo das d\u00e9cadas, foi poss\u00edvel relacionar os transtornos e determinar suas condi\u00e7\u00f5es, sintomas e criar tratamentos mais eficazes.&nbsp;<\/p>\n\n\n\n<p>Ambos s\u00e3o considerados os primeiros a identificarem a <strong>condi\u00e7\u00e3o do autismo<\/strong> e Asperger.<\/p>\n\n\n\n<h2 class=\"wp-block-heading\"><strong>Os tipos de Autismo e seus sintomas&nbsp;<\/strong><\/h2>\n\n\n\n<p><strong>S\u00edndrome de Asperger<\/strong> \u00e9 um dos muitos tipos de autismo e dos mais comuns. Com as mesmas caracter\u00edsticas, por\u00e9m, com menos intensidade, logo, a pessoa com Asperger tende a ter uma vida mais normalizada, por\u00e9m, necessita de tratamento para sua condi\u00e7\u00e3o.&nbsp;<\/p>\n\n\n\n<p>No<strong> <\/strong>Asperger, a crian\u00e7a ou adulto tem sua intelig\u00eancia preservada e n\u00e3o possui atraso na fala como o autista cl\u00e1ssico, mas tem dificuldade na interpreta\u00e7\u00e3o de palavras de duplo sentido, sinais n\u00e3o-verbais e simbologias.&nbsp;<\/p>\n\n\n\n<p>Al\u00e9m disso, a pessoa com Asperger, gosta de rotina r\u00edgida, detesta sons altos e pode ter comportamentos compulsivos.<\/p>\n\n\n\n<p>Al\u00e9m do Asperger, existem mais 3 condi\u00e7\u00f5es que s\u00e3o consideradas autismo. S\u00e3o elas:<\/p>\n\n\n\n<ol class=\"wp-block-list\">\n<li><strong>Transtorno Autista<\/strong>&#8211; O Transtorno Autista \u00e9 o mais comum e grave, e a pessoa come\u00e7a a ter os primeiros sintomas na inf\u00e2ncia, antes dos 3 anos.&nbsp;<\/li>\n<\/ol>\n\n\n\n<p>A crian\u00e7a costuma indicar pessoas ou coisas que quer, n\u00e3o fita os olhos das pessoas e n\u00e3o demonstra empatia ou qualquer tipo de intera\u00e7\u00e3o;<\/p>\n\n\n\n<ol class=\"wp-block-list\" start=\"2\">\n<li><strong>Transtorno Desintegrativo da Inf\u00e2ncia<\/strong>&#8211; O autismo desintegrativo da inf\u00e2ncia \u00e9 a condi\u00e7\u00e3o mais rara e que denota uma regress\u00e3o da crian\u00e7a.&nbsp;<\/li>\n<\/ol>\n\n\n\n<p>Por volta dos 3 e 4 anos, ao inv\u00e9s de desenvolver-se, ela perde suas habilidades como linguagem e incapacidade social e motora. Pode estar associada a outras doen\u00e7as;<\/p>\n\n\n\n<ol class=\"wp-block-list\" start=\"3\">\n<li><strong>Transtorno Invasivo do Desenvolvimento<\/strong>&#8211; A pessoa com transtorno invasivo do desenvolvimento, possui tra\u00e7os do Asperger, por\u00e9m, com acentuado nervosismo e ansiedade, principalmente em mudan\u00e7as de rotina.<\/li>\n<\/ol>\n\n\n\n<p>Todas as condi\u00e7\u00f5es citadas para determinar o Autismo, possuem 3 n\u00edveis que s\u00e3o classificados como n\u00edvel 1 leve, n\u00edvel 2 moderado e n\u00edvel 3 grave.&nbsp;<\/p>\n\n\n\n<p>A seguir, entenda como s\u00e3o feitos os diagn\u00f3sticos e os tratamentos dispon\u00edveis para auxiliar na qualidade de vida dos pacientes.&nbsp;<\/p>\n\n\n\n<h2 class=\"wp-block-heading\"><strong>Como \u00e9 feito o diagn\u00f3stico? Quais os tratamentos dispon\u00edveis para o Autismo?<\/strong><\/h2>\n\n\n\n<p>O autismo \u00e9 percebido logo nos primeiros anos de vida do paciente, em torno do primeiro ano. As caracter\u00edsticas mais observadas s\u00e3o:<\/p>\n\n\n\n<ul class=\"wp-block-list\">\n<li>Beb\u00ea arredio a contato visual;<\/li>\n\n\n\n<li>N\u00e3o interage com os pais, em especial com a m\u00e3e durante a amamenta\u00e7\u00e3o;<\/li>\n\n\n\n<li>N\u00e3o imita os adultos e n\u00e3o gosta de colo;<\/li>\n\n\n\n<li>Gosta de manipular objetos e faz\u00ea-lo repetidamente;<\/li>\n\n\n\n<li>Movimentos repetitivos.<\/li>\n<\/ul>\n\n\n\n<p>Al\u00e9m deles, um dos problemas mais comuns \u00e9 o atraso na fala e observado na fase dos 3 anos.&nbsp;<\/p>\n\n\n\n<p>No passado, achava-se que o autismo era limitado a inf\u00e2ncia e que muitas pessoas melhoravam na vida adulta, principalmente nos casos de s\u00edndrome de Asperger.<\/p>\n\n\n\n<p>Hoje se sabe que o autismo \u00e9 uma condi\u00e7\u00e3o que n\u00e3o possui cura e se mant\u00e9m ao longo da vida da pessoa.&nbsp;<\/p>\n\n\n\n<p>Por isso \u00e9 comum que adultos estejam buscando ajuda e sendo diagnosticados com a condi\u00e7\u00e3o tardiamente.&nbsp;<\/p>\n\n\n\n<p>O tratamento para o transtorno do espectro autista inicia assim que \u00e9 determinado o tipo de autismo e seu n\u00edvel.&nbsp;<\/p>\n\n\n\n<p>Em geral, v\u00e1rios profissionais est\u00e3o integrados na busca da qualidade de vida da pessoa com autismo.<\/p>\n\n\n\n<p><a href=\"https:\/\/www.unovacursos.com.br\/curso\/psicologia-do-desenvolvimento\"><strong>Psic\u00f3logos<\/strong><\/a>, fonoaudi\u00f3logos e at\u00e9 fisioterapeutas est\u00e3o envolvidos. Pode haver a necessidade de outros m\u00e9dicos como neurologistas e psiquiatras.<\/p>\n\n\n\n<p>Esses profissionais s\u00e3o indicados para tratamentos mais invasivos, principalmente nos casos de doen\u00e7as neurol\u00f3gicas e psiqui\u00e1tricas como epilepsia e depress\u00e3o.&nbsp;<\/p>\n\n\n\n<p>Com informa\u00e7\u00e3o e conscientiza\u00e7\u00e3o, o autista pode ter uma vida quase normal e com todo acompanhamento necess\u00e1rio para sua qualidade de vida.&nbsp;<\/p>\n\n\n\n<h2 class=\"wp-block-heading\"><strong>Curso Transtorno do Espectro Autista gr\u00e1tis e online da Unova Cursos<\/strong><\/h2>\n\n\n\n<p>Para compreender uma condi\u00e7\u00e3o, \u00e9 necess\u00e1rio informa\u00e7\u00e3o e neste artigo, voc\u00ea teve acesso a v\u00e1rios pontos que classificam o autismo e os tratamentos mais comuns.&nbsp;<\/p>\n\n\n\n<p>Para profissionais da \u00e1rea da sa\u00fade, educa\u00e7\u00e3o e pais de autistas, o <a href=\"https:\/\/www.unovacursos.com.br\/curso\/cursos-gratuito-de-autismo\"><strong>curso Transtorno do Espectro Autista<\/strong><\/a><strong> <\/strong>\u00e9 excelente e extremamente necess\u00e1rio, com tudo o que voc\u00ea precisa para come\u00e7ar a compreender o transtorno.&nbsp;<\/p>\n\n\n\n<p>O curso fala sobre Autismo, Asperger, quando \u00e9 necess\u00e1ria a interven\u00e7\u00e3o e tipos de tratamento, al\u00e9m de dietas e dicas de intera\u00e7\u00e3o com autistas.&nbsp;<strong>Curso 100% online e gratuito<\/strong>, com <a href=\"https:\/\/www.unovacursos.com.br\/certificados\"><strong>op\u00e7\u00e3o de certificado<\/strong><\/a> aceito e v\u00e1lido em todo Brasil. Alcance agora seus objetivos profissionais e acad\u00eamicos e matricule-se!<\/p>\n","protected":false},"excerpt":{"rendered":"<p>O transtorno do Espectro Autista \u00e9 considerado um transtorno pela ONU e determinado que todo dia 02 de abril \u00e9 o dia mundial de conscientiza\u00e7\u00e3o&#8230;<\/p>\n","protected":false},"author":2,"featured_media":3712,"comment_status":"closed","ping_status":"open","sticky":false,"template":"","format":"standard","meta":{"footnotes":""},"categories":[199,34,188],"tags":[],"class_list":["post-3711","post","type-post","status-publish","format-standard","has-post-thumbnail","hentry","category-dicas","category-educacao","category-saude-e-beleza"],"_links":{"self":[{"href":"https:\/\/www.unovacursos.com.br\/blog\/wp-json\/wp\/v2\/posts\/3711","targetHints":{"allow":["GET"]}}],"collection":[{"href":"https:\/\/www.unovacursos.com.br\/blog\/wp-json\/wp\/v2\/posts"}],"about":[{"href":"https:\/\/www.unovacursos.com.br\/blog\/wp-json\/wp\/v2\/types\/post"}],"author":[{"embeddable":true,"href":"https:\/\/www.unovacursos.com.br\/blog\/wp-json\/wp\/v2\/users\/2"}],"replies":[{"embeddable":true,"href":"https:\/\/www.unovacursos.com.br\/blog\/wp-json\/wp\/v2\/comments?post=3711"}],"version-history":[{"count":1,"href":"https:\/\/www.unovacursos.com.br\/blog\/wp-json\/wp\/v2\/posts\/3711\/revisions"}],"predecessor-version":[{"id":3713,"href":"https:\/\/www.unovacursos.com.br\/blog\/wp-json\/wp\/v2\/posts\/3711\/revisions\/3713"}],"wp:featuredmedia":[{"embeddable":true,"href":"https:\/\/www.unovacursos.com.br\/blog\/wp-json\/wp\/v2\/media\/3712"}],"wp:attachment":[{"href":"https:\/\/www.unovacursos.com.br\/blog\/wp-json\/wp\/v2\/media?parent=3711"}],"wp:term":[{"taxonomy":"category","embeddable":true,"href":"https:\/\/www.unovacursos.com.br\/blog\/wp-json\/wp\/v2\/categories?post=3711"},{"taxonomy":"post_tag","embeddable":true,"href":"https:\/\/www.unovacursos.com.br\/blog\/wp-json\/wp\/v2\/tags?post=3711"}],"curies":[{"name":"wp","href":"https:\/\/api.w.org\/{rel}","templated":true}]}}