{"id":3479,"date":"2023-02-15T11:56:18","date_gmt":"2023-02-15T14:56:18","guid":{"rendered":"https:\/\/www.unovacursos.com.br\/blog\/?p=3479"},"modified":"2023-02-15T11:56:20","modified_gmt":"2023-02-15T14:56:20","slug":"o-que-voce-precisa-para-se-tornar-assistente-social","status":"publish","type":"post","link":"https:\/\/www.unovacursos.com.br\/blog\/o-que-voce-precisa-para-se-tornar-assistente-social","title":{"rendered":"<strong>O que voc\u00ea precisa para se tornar Assistente social<\/strong>"},"content":{"rendered":"\n<p>Pretende seguir a carreira na <strong>Assist\u00eancia Social<\/strong>? A profiss\u00e3o muito promissora e perfeita para pessoas com o ativismo social em seu DNA.&nbsp;<\/p>\n\n\n\n<p>A profiss\u00e3o visa defender os direitos e deveres sociais da popula\u00e7\u00e3o, visando a garantia de direitos b\u00e1sicos como Educa\u00e7\u00e3o, sa\u00fade e seguran\u00e7a.&nbsp;<\/p>\n\n\n\n<p>Al\u00e9m disso, os <strong>Direitos Humanos<\/strong> e a promo\u00e7\u00e3o do bem-estar social das pessoas, s\u00e3o outros pontos fundamentais que o Assistente Social deve atender.&nbsp;<\/p>\n\n\n\n<p>Atrav\u00e9s das pol\u00edticas p\u00fablicas bem aplicadas, \u00e9 poss\u00edvel mudar a realidade de comunidades e tornar a vida das pessoas com mais qualidade.&nbsp;<\/p>\n\n\n\n<p>Separamos algumas informa\u00e7\u00f5es sobre a <strong>profiss\u00e3o de Assistente Social<\/strong>, a import\u00e2ncia do Servi\u00e7o Social para o pa\u00eds e como voc\u00ea deve se preparar para ter sucesso na carreira.&nbsp;<\/p>\n\n\n\n<h2 class=\"wp-block-heading\"><strong>Quem \u00e9 o Assistente Social?<\/strong><\/h2>\n\n\n\n<p>Assistente Social \u00e9 o profissional que executa <strong>pol\u00edticas p\u00fablicas<\/strong> que visam os direitos sociais de um grupo ou popula\u00e7\u00e3o, garantindo servi\u00e7os b\u00e1sicos e acess\u00edveis a essas pessoas.&nbsp;<\/p>\n\n\n\n<p>A Assist\u00eancia Social \u00e9 a profiss\u00e3o que protege os direitos e seu cumprimento na sociedade, apoiando indiv\u00edduos, grupos familiares e comunidades em suas dificuldades quanto ao <strong>acesso a<\/strong> <strong>direitos b\u00e1sicos<\/strong> como sa\u00fade, educa\u00e7\u00e3o, seguran\u00e7a e trabalho.&nbsp;<\/p>\n\n\n\n<p>Al\u00e9m disso, o Assistente Social \u00e9 quem analisa e auxilia a popula\u00e7\u00e3o a obter benef\u00edcios e subs\u00eddios do governo e coordena a aplica\u00e7\u00e3o de recursos e encaminha para suprir as necessidades da popula\u00e7\u00e3o.&nbsp;<\/p>\n\n\n\n<p>Programas sociais como o Bolsa Fam\u00edlia, por exemplo, devem ser fiscalizados pelo Assistente Social, que deve orientar as fam\u00edlias a obter o benef\u00edcio.<\/p>\n\n\n\n<p>O profissional deve, tamb\u00e9m, orientar cuidados de sa\u00fade no <a href=\"https:\/\/www.unovacursos.com.br\/curso\/introducao-ao-sus\"><strong>SUS<\/strong><\/a> e tem a obriga\u00e7\u00e3o de analisar, coletar dados e atestar laudos que se tornar\u00e3o m\u00e9tricas dos <strong>avan\u00e7os sociais<\/strong> e definir\u00e3o as melhorias que devem ser realizadas ou mantidas.&nbsp;<\/p>\n\n\n\n<p>Para tornar-se em um Assistente Social, voc\u00ea deve fazer <strong>gradua\u00e7\u00e3o superior em Bacharelado em Servi\u00e7o Social<\/strong>. O curso \u00e9 considerado Ci\u00eancias Humanas.&nbsp;<\/p>\n\n\n\n<p>O curso tem dura\u00e7\u00e3o de 4 anos e ao final do curso, voc\u00ea estar\u00e1 apto a desempenhar as fun\u00e7\u00f5es citadas, al\u00e9m das seguintes atribui\u00e7\u00f5es:<\/p>\n\n\n\n<ul class=\"wp-block-list\">\n<li>Promover o bem-estar de sa\u00fade f\u00edsica, mental e social de um indiv\u00edduo ou comunidade;<\/li>\n\n\n\n<li>Desenvolvimento de pol\u00edticas p\u00fablicas;<\/li>\n\n\n\n<li>Cria\u00e7\u00e3o de projetos assistenciais para crian\u00e7as e idosos;<\/li>\n\n\n\n<li>Atendimento assistencial a pessoas em situa\u00e7\u00e3o de risco;<\/li>\n\n\n\n<li>Conscientiza\u00e7\u00e3o de a\u00e7\u00f5es como vacina\u00e7\u00e3o e combate \u00e0s drogas ou ISTs;<\/li>\n\n\n\n<li>Cria\u00e7\u00e3o e apoio de a\u00e7\u00f5es contra a mis\u00e9ria e fome, entre outras atividades.<\/li>\n<\/ul>\n\n\n\n<p>O Servi\u00e7o Social no Brasil \u00e9 de extrema import\u00e2ncia e possui uma hist\u00f3ria de mais de 90 anos no pa\u00eds, com avan\u00e7os e muitos pontos a serem melhorados.&nbsp;&nbsp;&nbsp;<\/p>\n\n\n\n<h2 class=\"wp-block-heading\"><strong>A hist\u00f3ria do Servi\u00e7o Social no Brasil<\/strong><\/h2>\n\n\n\n<p>O Servi\u00e7o Social no Brasil data do in\u00edcio da d\u00e9cada de 1930, ainda no governo de Get\u00falio Vargas.&nbsp;<\/p>\n\n\n\n<p>Conhecido naquele tempo como Assistencialismo, seu in\u00edcio teve marcos importantes, tais como:<\/p>\n\n\n\n<ul class=\"wp-block-list\">\n<li><a href=\"https:\/\/www.unovacursos.com.br\/curso\/constituicao-federal-e-educacao\"><strong>Constitui\u00e7\u00e3o Federal<\/strong><\/a> de 1934;<\/li>\n\n\n\n<li>Atendimento especial as fam\u00edlias com muitos filhos e cuidados quanto a sa\u00fade e a inf\u00e2ncia;<\/li>\n\n\n\n<li>A falta de programas sociais.<\/li>\n<\/ul>\n\n\n\n<p>Com a promulga\u00e7\u00e3o da nova Constitui\u00e7\u00e3o e com o pa\u00eds crescendo, ficou evidente a necessidade de pol\u00edticas p\u00fablicas efetivas, iniciando dentro das fam\u00edlias e abrangendo a toda popula\u00e7\u00e3o.<\/p>\n\n\n\n<p>Os <strong>programas sociais<\/strong> se tornaram uma necessidade de que o Servi\u00e7o Social teve grande responsabilidade nas d\u00e9cadas seguintes.&nbsp;<\/p>\n\n\n\n<p>Entre as d\u00e9cadas de 40 e 70, houve grandes avan\u00e7os, tais como a cria\u00e7\u00e3o do Minist\u00e9rio da sa\u00fade e da educa\u00e7\u00e3o, al\u00e9m da assist\u00eancia as mulheres gr\u00e1vidas, ao <a href=\"https:\/\/www.unovacursos.com.br\/curso\/curso-gratuito-online-cuidador-de-idosos\"><strong>cuidado com idosos<\/strong><\/a>, at\u00e9 mesmo das fam\u00edlias dos soldados que lutaram na Segunda Guerra Mundial.&nbsp;<\/p>\n\n\n\n<p>Da d\u00e9cada de 70 em frente, aconteceram grandes movimentos sociais, mas somente depois da nova Constitui\u00e7\u00e3o Federal, declarada em 1988, o <strong>Servi\u00e7o Social <\/strong>se tornou uma parte de import\u00e2ncia clara e fundamentada em nosso pa\u00eds.&nbsp;<\/p>\n\n\n\n<h2 class=\"wp-block-heading\"><strong>O dia a dia profissional do Assistente Social&nbsp;<\/strong><\/h2>\n\n\n\n<p>Atualmente, o profissional Assistente Social possui um mercado de trabalho bem abrangente e com muitas oportunidades.&nbsp;<\/p>\n\n\n\n<p>Segundo o <a href=\"https:\/\/www.linkedin.com\/jobs\/servi%C3%A7o-social-vagas\/?originalSubdomain=br\" target=\"_blank\" rel=\"noopener\"><strong>Linkedin<\/strong><\/a>, s\u00e3o mais de 740 vagas a disposi\u00e7\u00e3o de profissionais de Assist\u00eancia Social. O sal\u00e1rio m\u00e9dio de um Assistente Social em in\u00edcio de carreira \u00e9 de R$ 3.000,00.<\/p>\n\n\n\n<p>O profissional pode atuar tanto no setor p\u00fablico como privado. No p\u00fablico, geralmente, trabalha em atividades de promo\u00e7\u00e3o aos programas sociais dos governos, sejam eles federais, estaduais ou municipais.&nbsp;<\/p>\n\n\n\n<p>No setor privado, o assistente pode atuar em escolas, hospitais e organiza\u00e7\u00f5es sem fins lucrativos (ONGs).<\/p>\n\n\n\n<p>O Assistente Social pode atuar nas seguintes \u00e1reas:<\/p>\n\n\n\n<ol class=\"wp-block-list\">\n<li><strong>Sa\u00fade<\/strong>&#8211; Na <a href=\"https:\/\/www.unovacursos.com.br\/curso\/servico-social-na-saude-publica\"><strong>sa\u00fade<\/strong><\/a>, o Assistente Social pode atuar na comunica\u00e7\u00e3o e intermedia\u00e7\u00e3o dos processos m\u00e9dicos e hospitalares com familiares e profissionais da sa\u00fade.&nbsp;<\/li>\n<\/ol>\n\n\n\n<p>Al\u00e9m disso, pode criar programas sociais em institui\u00e7\u00f5es de sa\u00fade p\u00fablica e privada, contribuindo no acesso da popula\u00e7\u00e3o e orienta\u00e7\u00e3o no combate a doen\u00e7as e conscientiza\u00e7\u00e3o de cuidados b\u00e1sicos de sa\u00fade.&nbsp;<\/p>\n\n\n\n<ol class=\"wp-block-list\" start=\"2\">\n<li><strong>Meio ambiente<\/strong>&#8211; No meio ambiente, o assistente pode promover pol\u00edticas p\u00fablicas educativas quanto a a\u00e7\u00f5es de reciclagem ou cuidado com a \u00e1gua, por exemplo.&nbsp;<\/li>\n<\/ol>\n\n\n\n<p>Nessa \u00e1rea, o profissional pode desenvolver projetos que visam equilibrar a a\u00e7\u00e3o do homem na natureza, garantindo a preserva\u00e7\u00e3o.&nbsp;<\/p>\n\n\n\n<ol class=\"wp-block-list\" start=\"3\">\n<li><strong>Educa\u00e7\u00e3o<\/strong>&#8211; Pode atuar tanto como <a href=\"https:\/\/www.unovacursos.com.br\/curso\/servico-social-na-educacao\"><strong>assistente na educa\u00e7\u00e3o<\/strong><\/a> em escolas p\u00fablicas e privadas, por\u00e9m, nas privadas, tem a fun\u00e7\u00e3o de garantir bolsas de estudo, cotas e financiamentos para jovens de baixa renda, garantindo educa\u00e7\u00e3o de qualidade.&nbsp;<\/li>\n\n\n\n<li><strong>Prote\u00e7\u00e3o a crian\u00e7a e adolescente<\/strong>&#8211; Na prote\u00e7\u00e3o da crian\u00e7a e adolescente, o Assistente busca desenvolver a\u00e7\u00f5es que ajudem crian\u00e7as e jovens em vulnerabilidade, garantindo o cumprimento do <a href=\"https:\/\/www.unovacursos.com.br\/curso\/curso-gratuito-estatuto-da-crianca-e-do-adolescente\"><strong>Estatuto da crian\u00e7a e do adolescente<\/strong><\/a>.&nbsp;<\/li>\n<\/ol>\n\n\n\n<h2 class=\"wp-block-heading\"><strong>Curso Gratuito de Introdu\u00e7\u00e3o ao Servi\u00e7o Social<\/strong><\/h2>\n\n\n\n<p>O que achou do trabalho do Assistente Social? \u00c9 sem d\u00favida sem d\u00favida, uma profiss\u00e3o extremamente necess\u00e1ria onde a <strong>desigualdade social<\/strong> \u00e9 alarmante como ocorre em nosso pa\u00eds.&nbsp;<\/p>\n\n\n\n<p>Se voc\u00ea chegou at\u00e9 aqui e quer come\u00e7ar a compreender este mercado, inicie com o <a href=\"https:\/\/www.unovacursos.com.br\/curso\/curso-gratuito-introducao-ao-servico-social\"><strong>curso Introdu\u00e7\u00e3o ao Servi\u00e7o Social<\/strong><\/a>.&nbsp;<\/p>\n\n\n\n<p>Neste curso, voc\u00ea ter\u00e1 no\u00e7\u00f5es b\u00e1sicas de como \u00e9 a profiss\u00e3o, um pouco de sua hist\u00f3ria mais profunda, al\u00e9m do mercado e os conceitos mais importante para conhecer.&nbsp;<\/p>\n\n\n\n<p>Al\u00e9m disso, voc\u00ea ter\u00e1 ao final do curso, <a href=\"https:\/\/www.unovacursos.com.br\/certificados\"><strong>op\u00e7\u00e3o de certificado v\u00e1lido<\/strong><\/a><strong> <\/strong>e aceito em todo pa\u00eds. Certificado pago e acess\u00edvel, aceito em processos seletivos e concursos p\u00fablicos.<\/p>\n\n\n\n<p>Estude com o melhor conte\u00fado, em uma plataforma completa e com recursos para facilitar seu aprendizado.&nbsp;<strong>Matricule-se agora<\/strong> e n\u00e3o deixe seu futuro para depois, invista em voc\u00ea e sua carreira com a Unova Cursos.<\/p>\n","protected":false},"excerpt":{"rendered":"<p>Pretende seguir a carreira na Assist\u00eancia Social? A profiss\u00e3o muito promissora e perfeita para pessoas com o ativismo social em seu DNA.&nbsp; A profiss\u00e3o visa&#8230;<\/p>\n","protected":false},"author":2,"featured_media":3480,"comment_status":"closed","ping_status":"open","sticky":false,"template":"","format":"standard","meta":{"footnotes":""},"categories":[199,188],"tags":[],"class_list":["post-3479","post","type-post","status-publish","format-standard","has-post-thumbnail","hentry","category-dicas","category-saude-e-beleza"],"_links":{"self":[{"href":"https:\/\/www.unovacursos.com.br\/blog\/wp-json\/wp\/v2\/posts\/3479","targetHints":{"allow":["GET"]}}],"collection":[{"href":"https:\/\/www.unovacursos.com.br\/blog\/wp-json\/wp\/v2\/posts"}],"about":[{"href":"https:\/\/www.unovacursos.com.br\/blog\/wp-json\/wp\/v2\/types\/post"}],"author":[{"embeddable":true,"href":"https:\/\/www.unovacursos.com.br\/blog\/wp-json\/wp\/v2\/users\/2"}],"replies":[{"embeddable":true,"href":"https:\/\/www.unovacursos.com.br\/blog\/wp-json\/wp\/v2\/comments?post=3479"}],"version-history":[{"count":1,"href":"https:\/\/www.unovacursos.com.br\/blog\/wp-json\/wp\/v2\/posts\/3479\/revisions"}],"predecessor-version":[{"id":3481,"href":"https:\/\/www.unovacursos.com.br\/blog\/wp-json\/wp\/v2\/posts\/3479\/revisions\/3481"}],"wp:featuredmedia":[{"embeddable":true,"href":"https:\/\/www.unovacursos.com.br\/blog\/wp-json\/wp\/v2\/media\/3480"}],"wp:attachment":[{"href":"https:\/\/www.unovacursos.com.br\/blog\/wp-json\/wp\/v2\/media?parent=3479"}],"wp:term":[{"taxonomy":"category","embeddable":true,"href":"https:\/\/www.unovacursos.com.br\/blog\/wp-json\/wp\/v2\/categories?post=3479"},{"taxonomy":"post_tag","embeddable":true,"href":"https:\/\/www.unovacursos.com.br\/blog\/wp-json\/wp\/v2\/tags?post=3479"}],"curies":[{"name":"wp","href":"https:\/\/api.w.org\/{rel}","templated":true}]}}