{"id":3476,"date":"2023-02-14T16:10:25","date_gmt":"2023-02-14T19:10:25","guid":{"rendered":"https:\/\/www.unovacursos.com.br\/blog\/?p=3476"},"modified":"2023-02-14T16:10:27","modified_gmt":"2023-02-14T19:10:27","slug":"estatuto-da-pessoa-com-deficiencia","status":"publish","type":"post","link":"https:\/\/www.unovacursos.com.br\/blog\/estatuto-da-pessoa-com-deficiencia","title":{"rendered":"<strong>Conhe\u00e7a tudo sobre o Estatuto da Pessoa com defici\u00eancia no Brasil<\/strong>"},"content":{"rendered":"\n<p>Durante s\u00e9culos, <strong>pessoa com defici\u00eancia<\/strong> no Brasil vivia sem direitos e com restri\u00e7\u00f5es quanto a ir e vir, trabalhar, se relacionar e viver normalmente.<\/p>\n\n\n\n<p>Em 2016, entra em vigor o Estatuto da pessoa com defici\u00eancia no Brasil, um marco vitorioso para pessoas com alguma limita\u00e7\u00e3o f\u00edsica ou mental de ter uma vida melhor e com liberdade.<\/p>\n\n\n\n<p>O Estatuto \u00e9 fundamental para garantir direitos b\u00e1sicos a todo PcD, com respeito a inclus\u00e3o social e combate ao preconceito.&nbsp;<\/p>\n\n\n\n<p>Confira informa\u00e7\u00f5es sobre o <strong>Estatuto da pessoa com defici\u00eancia<\/strong>, os principais direitos e deveres e um pouco de sua hist\u00f3ria na <a href=\"https:\/\/www.planalto.gov.br\/ccivil_03\/_ato2015-2018\/2015\/lei\/l13146.htm\" target=\"_blank\" rel=\"noopener\"><strong>legisla\u00e7\u00e3o<\/strong><\/a><strong> <\/strong>nacional.&nbsp;<\/p>\n\n\n\n<h2 class=\"wp-block-heading\"><strong>O que \u00e9 o Estatuto da Pessoa com defici\u00eancia?<\/strong><\/h2>\n\n\n\n<p>O Estatuto da Pessoa com defici\u00eancia engloba conjunto de leis que promovem direitos, contemplando garantias e prote\u00e7\u00e3o as pessoas com qualquer tipo de limita\u00e7\u00e3o f\u00edsica, sensorial ou mental.&nbsp;<\/p>\n\n\n\n<p>Apesar de recente, datando de 2015, com entrada em vigor a partir de 2016, o Estatuto das pessoas com defici\u00eancia brasileiro ou sigla <strong>PcD<\/strong>, tem sua origem no in\u00edcio dos anos 2000.<\/p>\n\n\n\n<p>A partir daquele ano, projetos de lei foram apresentados na C\u00e2mara e Senado Federal, com o intuito de acabar com a exclus\u00f5es e ampliar o acesso a pessoas com defici\u00eancia em todo pa\u00eds.&nbsp;<\/p>\n\n\n\n<p>Depois de 15 anos de muitas mudan\u00e7as, o Estatuto foi votado e a partir do ano de 2016 se tornou lei em todo pa\u00eds, sendo um avan\u00e7o inquestion\u00e1vel para a vida de milhares de pessoas.<\/p>\n\n\n\n<h2 class=\"wp-block-heading\"><strong>A import\u00e2ncia do Estatuto da pessoa com defici\u00eancia<\/strong><\/h2>\n\n\n\n<p>Atualmente, o <a href=\"https:\/\/www.gov.br\/pt-br\/noticias\/assistencia-social\/2021\/09\/politicas-publicas-levam-acessibilidade-e-autonomia-para-pessoas-com-deficiencia#:~:text=De%20acordo%20com%20dados%20divulgados,24%25%20da%20popula%C3%A7%C3%A3o%20do%20pa%C3%ADs.\" target=\"_blank\" rel=\"noopener\"><strong>Brasil possui 45 milh\u00f5es de pessoas com defici\u00eancia<\/strong><\/a>, cerca de 24% de toda popula\u00e7\u00e3o brasileira.&nbsp;<\/p>\n\n\n\n<p>Com um n\u00famero t\u00e3o expressivo, \u00e9 not\u00f3rio que necessitavam de leis que oferecessem mais liberdade, al\u00e9m de qualidade de vida e de sa\u00fade.&nbsp;<\/p>\n\n\n\n<p>Em rela\u00e7\u00e3o a sa\u00fade, PcDs possuem atualmente mais aten\u00e7\u00e3o quanto a suas necessidades b\u00e1sicas quanto a medicamentos, interna\u00e7\u00f5es e cuidados paliativos.<\/p>\n\n\n\n<p>Al\u00e9m disso, muitas pessoas com defici\u00eancia possuem condi\u00e7\u00f5es para trabalhar e estudar, por\u00e9m, tinham esses direitos invalidados tanto pelas leis antigas quanto a sociedade.&nbsp;<\/p>\n\n\n\n<p>A partir do Estatuto, pessoas com defici\u00eancia passaram a serem mais respeitadas e com mais oportunidades e benef\u00edcios, como por exemplo, no <a href=\"https:\/\/agenciabrasil.ebc.com.br\/direitos-humanos\/noticia\/2022-03\/mercado-de-trabalho-para-pessoas-com-deficiencia-e-tema-do-caminhos\" target=\"_blank\" rel=\"noopener\"><strong>mercado de trabalho<\/strong><\/a>.<\/p>\n\n\n\n<p>Atualmente, existem mais de 372 mil pessoas PcD empregadas e a cada 100 funcion\u00e1rios, as empresas devem oferecer vagas para deficientes.&nbsp;<\/p>\n\n\n\n<p><a href=\"https:\/\/www.unovacursos.com.br\/curso\/curso-gratuito-de-deficiencia-auditiva-e-surdez\"><strong>Pessoas com defici\u00eancia auditiva<\/strong><\/a>, defici\u00eancia visual e at\u00e9 mesmo <a href=\"https:\/\/www.ewcursos.com\/curso\/deficiencia-intelectual\" target=\"_blank\" rel=\"noopener\"><strong>intelectual<\/strong><\/a>, comp\u00f5em apenas 53% das empresas que oferecerem estas vagas, a partir do Estatuto, as chances de novas vagas tendem a aumentar anualmente.&nbsp;<\/p>\n\n\n\n<p>Outro ponto ben\u00e9fico com o Estatuto, s\u00e3o os avan\u00e7os quanto a <strong>acessibilidade <\/strong>de locais p\u00fablicos e privados.&nbsp;<\/p>\n\n\n\n<p>A manuten\u00e7\u00e3o de muitos locais com rampas de acesso, corrim\u00e3o de seguran\u00e7a e banheiros acess\u00edveis, tornou a locomo\u00e7\u00e3o das pessoas com defici\u00eancia em algo mais seguro, facilitando a vida ativa na sociedade.&nbsp;<\/p>\n\n\n\n<h2 class=\"wp-block-heading\"><strong>Conhe\u00e7a alguns direitos contidos no Estatuto da pessoa com defici\u00eancia&nbsp;<\/strong><\/h2>\n\n\n\n<p>A <strong>inclus\u00e3o social<\/strong> \u00e9 um ponto de extrema import\u00e2ncia, pois d\u00e1 a todas camadas e grupos da sociedade, oportunidades e liberdade para viver com qualidade e bem-estar.<\/p>\n\n\n\n<p>PcD deve ter seus direitos reconhecidos e respeitados. No Estatuto, eis alguns dos direitos concedidos:<\/p>\n\n\n\n<ul class=\"wp-block-list\">\n<li>Direito a sa\u00fade atrav\u00e9s do SUS e quando necess\u00e1rio, aux\u00edlio m\u00e9dico e psicol\u00f3gico domiciliar;<\/li>\n\n\n\n<li>Direito a educa\u00e7\u00e3o desde o ensino infantil at\u00e9 o superior, com acessibilidade assegurada e aprendizagem igualit\u00e1ria. Ensino de <a href=\"https:\/\/www.unovacursos.com.br\/curso\/curso-gratuito-online-libras\"><strong>libras<\/strong><\/a>, <a href=\"https:\/\/www.unovacursos.com.br\/curso\/cursos-gratuito-sistema-braille\"><strong>Braille<\/strong><\/a>, entre outras;<\/li>\n\n\n\n<li>Direito atendimento priorit\u00e1rio em locais p\u00fablicos e privados como supermercados e bancos, com recursos dispon\u00edveis a pessoa com defici\u00eancia como cadeiras, por exemplo.<\/li>\n<\/ul>\n\n\n\n<p>Al\u00e9m desses direitos, o Estatuto abrange o direito a cultura, lazer, al\u00e9m da moradia. Outro avan\u00e7o interessante do estatuto da pessoa com defici\u00eancia \u00e9 a capacidade civil.<\/p>\n\n\n\n<p>A Capacidade civil \u00e9 um dispositivo pertencente ao <strong>c\u00f3digo penal<\/strong> e estabelece quem s\u00e3o as pessoas capazes ou n\u00e3o de cometerem crimes.&nbsp;<\/p>\n\n\n\n<p>No passado, o c\u00f3digo determinava que PcDs eram consideradas incapazes, por\u00e9m, a partir do Estatuto, elas podem ser responsabilizadas por crimes cometidos.<\/p>\n\n\n\n<p>A capacidade civil, tamb\u00e9m, estabelece que pessoas com defici\u00eancia s\u00e3o capazes de ter uma vida normal com casamento, filhos e, portanto, devem ser vistas e reconhecidas legalmente como capaz.&nbsp;<\/p>\n\n\n\n<h2 class=\"wp-block-heading\"><strong>Como combater a discrimina\u00e7\u00e3o as pessoas com defici\u00eancia?<\/strong><\/h2>\n\n\n\n<p>Infelizmente, a discrimina\u00e7\u00e3o com PCD ainda \u00e9 um assunto recorrente. Pessoas que possuem tais condi\u00e7\u00f5es desde a inf\u00e2ncia, sofrem com <a href=\"https:\/\/www.unovacursos.com.br\/curso\/curso-gratuito-de-bullying\"><strong>bullying nas escolas<\/strong><\/a> e muitas outras quando adquirem alguma limita\u00e7\u00e3o ao longo da vida, podem sofrer preconceito.<\/p>\n\n\n\n<p>Atualmente, as empresas de m\u00e9dio e grande porte, tem a obriga\u00e7\u00e3o de ter em seu quadro de funcion\u00e1rios PCDs, por\u00e9m, estes podem sofrer rejei\u00e7\u00e3o por parte dos colegas, dependendo do n\u00edvel e tipo de limita\u00e7\u00e3o.&nbsp;<\/p>\n\n\n\n<p>\u00c9 vital que haja <strong>pol\u00edticas p\u00fablicas<\/strong> que favore\u00e7am a <a href=\"https:\/\/www.unovacursos.com.br\/curso\/lei-brasileira-de-inclusao-da-pessoa-com-deficiencia\"><strong>inclus\u00e3o<\/strong><\/a><strong> <\/strong>das pessoas com defici\u00eancia e tornem seu acesso a todos \u00e2mbitos da sociedade com facilidade, mas \u00e9 necess\u00e1rio que a sociedade seja orientada a respeit\u00e1-los e reconhecidos como cidad\u00e3os.&nbsp;<\/p>\n\n\n\n<p>PCDs s\u00e3o pessoas que devem ter os mesmos acessos a sociedade que qualquer pessoa e jamais devem ser vistos como pessoas incapazes, mas incentivados a continuarem lutando por seus sonhos e uma <strong>vida saud\u00e1vel<\/strong> e normal independente de qualquer condi\u00e7\u00e3o.&nbsp;<\/p>\n\n\n\n<h2 class=\"wp-block-heading\"><strong>Curso de Estatuto da pessoa com defici\u00eancia<\/strong><\/h2>\n\n\n\n<p>Voc\u00ea viu como o Estatuto da pessoa com defici\u00eancia \u00e9 completo e d\u00e1 a esse grupo, direitos e deveres sociais que lhes d\u00e3o mais qualidade e uma <strong>vida normal<\/strong>?&nbsp;<\/p>\n\n\n\n<p>Para compreender melhor como ele funciona, principalmente se voc\u00ea \u00e9 uma pessoa com defici\u00eancia ou profissional dedicado ao universo da inclus\u00e3o social, <a href=\"https:\/\/www.unovacursos.com.br\/curso\/estatuto-da-pessoa-com-deficiencia\"><strong>fa\u00e7a o curso Estatuto da pessoa com defici\u00eancia online gr\u00e1tis Unova Cursos<\/strong><\/a>.&nbsp;<\/p>\n\n\n\n<p>O curso possui aulas como: Capacidade civil, direito a vida, direito a assist\u00eancia e previd\u00eancia social, direito a mobilidade, acesso jur\u00eddico e muito mais.<\/p>\n\n\n\n<p>O curso \u00e9 gratuito e 100% digital, perfeito para voc\u00ea estudar sem sair de casa e com rapidez, obtendo, inclusive, <a href=\"https:\/\/www.unovacursos.com.br\/certificados\"><strong>certificado v\u00e1lido<\/strong><\/a> e aceito em todo pa\u00eds, totalmente opcional.&nbsp;<\/p>\n\n\n\n<p>Venha para uma das escolas online pioneiras do mercado EAD. S\u00e3o mais de 10 anos de hist\u00f3ria e voc\u00ea conta com quase 500 cursos para continuar sua capacita\u00e7\u00e3o.&nbsp;<\/p>\n\n\n\n<p><strong>Matricule-se<\/strong> e n\u00e3o deixe seus sonhos e futuro para depois! Invista em voc\u00ea com os cursos online gr\u00e1tis Unova Cursos.&nbsp;<\/p>\n","protected":false},"excerpt":{"rendered":"<p>Durante s\u00e9culos, pessoa com defici\u00eancia no Brasil vivia sem direitos e com restri\u00e7\u00f5es quanto a ir e vir, trabalhar, se relacionar e viver normalmente. Em&#8230;<\/p>\n","protected":false},"author":2,"featured_media":3477,"comment_status":"closed","ping_status":"open","sticky":false,"template":"","format":"standard","meta":{"footnotes":""},"categories":[34,188],"tags":[],"class_list":["post-3476","post","type-post","status-publish","format-standard","has-post-thumbnail","hentry","category-educacao","category-saude-e-beleza"],"_links":{"self":[{"href":"https:\/\/www.unovacursos.com.br\/blog\/wp-json\/wp\/v2\/posts\/3476","targetHints":{"allow":["GET"]}}],"collection":[{"href":"https:\/\/www.unovacursos.com.br\/blog\/wp-json\/wp\/v2\/posts"}],"about":[{"href":"https:\/\/www.unovacursos.com.br\/blog\/wp-json\/wp\/v2\/types\/post"}],"author":[{"embeddable":true,"href":"https:\/\/www.unovacursos.com.br\/blog\/wp-json\/wp\/v2\/users\/2"}],"replies":[{"embeddable":true,"href":"https:\/\/www.unovacursos.com.br\/blog\/wp-json\/wp\/v2\/comments?post=3476"}],"version-history":[{"count":1,"href":"https:\/\/www.unovacursos.com.br\/blog\/wp-json\/wp\/v2\/posts\/3476\/revisions"}],"predecessor-version":[{"id":3478,"href":"https:\/\/www.unovacursos.com.br\/blog\/wp-json\/wp\/v2\/posts\/3476\/revisions\/3478"}],"wp:featuredmedia":[{"embeddable":true,"href":"https:\/\/www.unovacursos.com.br\/blog\/wp-json\/wp\/v2\/media\/3477"}],"wp:attachment":[{"href":"https:\/\/www.unovacursos.com.br\/blog\/wp-json\/wp\/v2\/media?parent=3476"}],"wp:term":[{"taxonomy":"category","embeddable":true,"href":"https:\/\/www.unovacursos.com.br\/blog\/wp-json\/wp\/v2\/categories?post=3476"},{"taxonomy":"post_tag","embeddable":true,"href":"https:\/\/www.unovacursos.com.br\/blog\/wp-json\/wp\/v2\/tags?post=3476"}],"curies":[{"name":"wp","href":"https:\/\/api.w.org\/{rel}","templated":true}]}}