{"id":3386,"date":"2023-01-16T12:04:44","date_gmt":"2023-01-16T15:04:44","guid":{"rendered":"https:\/\/www.unovacursos.com.br\/blog\/?p=3386"},"modified":"2023-01-16T12:04:46","modified_gmt":"2023-01-16T15:04:46","slug":"transtorno-do-espectro-autista","status":"publish","type":"post","link":"https:\/\/www.unovacursos.com.br\/blog\/transtorno-do-espectro-autista","title":{"rendered":"Transtorno do Espectro Autista: Tudo o que voc\u00ea precisa para se especializar em autismo."},"content":{"rendered":"\n<p>O transtorno do Espectro Autismo \u2013 TEA \u2013 \u00e9 um transtorno que afeta o desenvolvimento, habilidades de comunica\u00e7\u00e3o e intera\u00e7\u00e3o social.<\/p>\n\n\n\n<p>E apesar do n\u00famero bastante significativo de crian\u00e7as, jovens e adultos que apresentam comportamentos caracter\u00edsticos do TEA, muitos profissionais t\u00eam dificuldades em lidar com os portadores do transtorno.<\/p>\n\n\n\n<p>Por isso, preparei esse conte\u00fado.<\/p>\n\n\n\n<p>Aqui voc\u00ea vai saber tudo o que precisa para se especializar no assunto Transtorno Espectro Autista.<\/p>\n\n\n\n<p>D\u00e1 s\u00f3 uma olhada.<\/p>\n\n\n\n<h2 class=\"wp-block-heading\">1. O que \u00e9 o Transtorno Espectro Autista?<\/h2>\n\n\n\n<figure class=\"wp-block-image aligncenter size-large\"><img decoding=\"async\" src=\"https:\/\/www.unovacursos.com.br\/blog\/wp-content\/uploads\/2023\/01\/O-que-e-o-TEA-1-1024x682.jpg\" alt=\"O que \u00e9 o TEA\" class=\"wp-image-3389\"\/><\/figure>\n\n\n\n<p>O autismo \u00e9 um transtorno de desenvolvimento que compromete as habilidades de comunica\u00e7\u00e3o e intera\u00e7\u00e3o social.<\/p>\n\n\n\n<p>Recentemente, a s\u00edndrome do autismo ganhou novo termo m\u00e9dico, o <strong>Transtorno do Espectro do Autismo &#8211; TEA.<\/strong><\/p>\n\n\n\n<p>O autismo \u00e9 dividido em 03 categorias, que possuem um amplo espectro de sintomas, por isso o nome espectro autista.<\/p>\n\n\n\n<p>O grau de comprometimento do TEA, varia conforme o grau de depend\u00eancia e comprometimento do dist\u00farbio e pode ser:<\/p>\n\n\n\n<ul class=\"wp-block-list\">\n<li>Leve<\/li>\n\n\n\n<li>Moderado<\/li>\n\n\n\n<li>Grave<\/li>\n<\/ul>\n\n\n\n<p>Me acompanhe no pr\u00f3ximo t\u00f3pico que voc\u00ea j\u00e1 vai entender.<\/p>\n\n\n\n<h2 class=\"wp-block-heading\">2. Quais s\u00e3o os graus de autismo?<\/h2>\n\n\n\n<p>O grau de autismo, \u00e9 diagnosticado conforme o n\u00edvel de gravidade e necessidade de suporte que cada pessoa ir\u00e1 demandar.<\/p>\n\n\n\n<p>Assim, nem todos exibir\u00e3o os mesmos sintomas, sinais ou graus de autismo.<\/p>\n\n\n\n<p>Vou explicar cada um deles, me acompanhe.<\/p>\n\n\n\n<h3 class=\"wp-block-heading\">Grau leve \u2013 Grau 01<\/h3>\n\n\n\n<p>Nesse n\u00edvel, a dificuldade de comunica\u00e7\u00e3o n\u00e3o impede o autista das intera\u00e7\u00f5es sociais.<\/p>\n\n\n\n<p>Crian\u00e7as, jovens e adultos com esse grau, por exemplo, relacionam-se bem no conv\u00edvio familiar, mas podem apresentar dificuldades na escola.<\/p>\n\n\n\n<p>O comportamento inflex\u00edvel pode levar a dificuldade do desenvolvimento das atividades cotidianas.<\/p>\n\n\n\n<p>Nesse n\u00edvel, tamb\u00e9m conhecido como <strong>S\u00edndrome de Asperger,<\/strong> as crian\u00e7as apresentam intelig\u00eancia normal e alguns casos, intelig\u00eancia acima da m\u00e9dia.<\/p>\n\n\n\n<p>Apesar de conseguir comunicar-se sem suporte, apresenta dificuldade em iniciar intera\u00e7\u00f5es sociais, e consequentemente, a tentativa de fazer novos amigos \u00e9 frustrada.<\/p>\n\n\n\n<p>Apesar de leve, nessa fase, o portador do espectro autista pode ainda apresentar dificuldade em trocar de atividade e experimentar situa\u00e7\u00f5es novas.<\/p>\n\n\n\n<h3 class=\"wp-block-heading\">Grau Moderado \u2013 Grau 02<\/h3>\n\n\n\n<p>No grau moderado, o TEA apresenta maior dificuldade na comunica\u00e7\u00e3o, seja na linguagem ou na fala.<\/p>\n\n\n\n<p>Portanto, no grau moderado, as habilidades sociais s\u00e3o limitadas.<\/p>\n\n\n\n<p>E nesses casos existe a necessidade de moderado suporte.<\/p>\n\n\n\n<h3 class=\"wp-block-heading\">Grau Grave \u2013 Grau 03<\/h3>\n\n\n\n<p>No grau grave, o espectro autista necessita de total apoio e suporte.<\/p>\n\n\n\n<p>Voc\u00ea j\u00e1 vai entender o porqu\u00ea.<\/p>\n\n\n\n<p>Nessa categoria, o espectro autista apresenta dificuldade:<\/p>\n\n\n\n<ul class=\"wp-block-list\">\n<li>Nas intera\u00e7\u00f5es sociais<\/li>\n\n\n\n<li>Ao lidar com mudan\u00e7as<\/li>\n\n\n\n<li>Tend\u00eancia ao isolamento social<\/li>\n<\/ul>\n\n\n\n<p>Mas quais s\u00e3o os principais sintomas do autismo?<\/p>\n\n\n\n<p>Continue me acompanhando.<\/p>\n\n\n\n<h2 class=\"wp-block-heading\">3. Quais s\u00e3o os principais sintomas do autismo?<\/h2>\n\n\n\n<figure class=\"wp-block-image aligncenter size-full\"><img loading=\"lazy\" decoding=\"async\" width=\"600\" height=\"899\" src=\"https:\/\/www.unovacursos.com.br\/blog\/wp-content\/uploads\/2023\/01\/principais-sintomas-do-autismo-1.jpg\" alt=\"principais sintomas do autismo\" class=\"wp-image-3390\"\/><\/figure>\n\n\n\n<p>Essa \u00e9 uma d\u00favida muito comum.<\/p>\n\n\n\n<p>Eu listei os principais sinais que podem indicar a presen\u00e7a de tra\u00e7os autistas.<\/p>\n\n\n\n<p>Confira comigo:<\/p>\n\n\n\n<ul class=\"wp-block-list\">\n<li>Isolamento mental\n<ul class=\"wp-block-list\">\n<li>&nbsp;Quando a pessoa exclui e ignora qualquer informa\u00e7\u00e3o do mundo externo<\/li>\n<\/ul>\n<\/li>\n\n\n\n<li>Possui uma obsess\u00e3o por repeti\u00e7\u00f5es\n<ul class=\"wp-block-list\">\n<li>&nbsp;Sejam barulhos, sons, atividades e rituais<\/li>\n<\/ul>\n<\/li>\n\n\n\n<li>Apresentar altera\u00e7\u00e3o emocional com a mudan\u00e7a na rotina<\/li>\n\n\n\n<li>Ansiedade<\/li>\n\n\n\n<li>N\u00e3o olhar diretamente para as pessoas<\/li>\n\n\n\n<li>Demonstrar apego excessivo a objetos<\/li>\n\n\n\n<li>Apresentar dificuldades de linguagem e fala<\/li>\n\n\n\n<li>Repeti\u00e7\u00e3o de palavras ou trechos memorizados<\/li>\n\n\n\n<li>Movimentos repetitivos<\/li>\n\n\n\n<li>O que acontece \u00e0 sua volta n\u00e3o desperta o seu interesse<\/li>\n\n\n\n<li>Crises de agressividade<\/li>\n<\/ul>\n\n\n\n<p>Lembrando que os sinais do espectro autista podem se apresentar de formas diferentes em crian\u00e7as, como por exemplo:<\/p>\n\n\n\n<ul class=\"wp-block-list\">\n<li>Quando os beb\u00eas n\u00e3o buscam o olhar da m\u00e3e no momento da amamenta\u00e7\u00e3o<\/li>\n\n\n\n<li>N\u00e3o demonstram diferen\u00e7a entre o colo dos pais e de desconhecidos<\/li>\n\n\n\n<li>N\u00e3o respondem a brincadeiras e dificuldade em entender brincadeiras de faz de conta<\/li>\n\n\n\n<li>Atraso para aprender a engatinhar e andar e caminham nas pontas dos p\u00e9s<\/li>\n\n\n\n<li>Atraso ou aus\u00eancia da fala<\/li>\n\n\n\n<li>Inc\u00f4modo a est\u00edmulos de luz e som<\/li>\n\n\n\n<li>Resist\u00eancia a dor<\/li>\n\n\n\n<li>&nbsp;&#8211; Dificilmente choram quando caem<\/li>\n\n\n\n<li>Comportamentos motores repetitivos<\/li>\n\n\n\n<li>Concentra\u00e7\u00e3o excessiva nos itens dos brinquedos e n\u00e3o ao brinquedo em si<\/li>\n<\/ul>\n\n\n\n<p>Esses s\u00e3o apenas alguns sintomas mais comuns, t\u00e1 bom?<\/p>\n\n\n\n<h2 class=\"wp-block-heading\">4. Autismo \u00e9 doen\u00e7a?<\/h2>\n\n\n\n<p>O autismo n\u00e3o \u00e9 doen\u00e7a, e sim, uma condi\u00e7\u00e3o que pode afetar todas as idades.<\/p>\n\n\n\n<p>O transtorno espectro autista, faz com que o c\u00e9rebro funcione de forma diferente de outras pessoas e muda a forma como as pessoas com autismo interagem e percebem o mundo.<\/p>\n\n\n\n<p>O autismo \u00e9 uma condi\u00e7\u00e3o que a pessoa ter\u00e1 para o resto da vida.<\/p>\n\n\n\n<p>Apesar de n\u00e3o ter cura, existem tratamentos multidisciplinares para ajudar as pessoas com autismo a lidar com os desafios que podem enfrentar na vida cotidiana, englobando m\u00e9dicos, psic\u00f3logos, fonoaudi\u00f3logos, professores, psicopedagogos, dentre outros.<\/p>\n\n\n\n<p>A finalidade do tratamento, \u00e9 a melhora da comunica\u00e7\u00e3o, da concentra\u00e7\u00e3o, diminui\u00e7\u00e3o de movimentos repetitivos e em consequ\u00eancia, maior qualidade de vida.<\/p>\n\n\n\n<h2 class=\"wp-block-heading\">5. O que \u00e9 preciso para ser um especialista em autismo?<\/h2>\n\n\n\n<figure class=\"wp-block-image aligncenter size-large\"><img decoding=\"async\" src=\"https:\/\/www.unovacursos.com.br\/blog\/wp-content\/uploads\/2023\/01\/especialista-em-autismo-1-1024x682.jpg\" alt=\"especialista em autismo\" class=\"wp-image-3391\"\/><\/figure>\n\n\n\n<p>Como voc\u00ea viu, o autismo pode se apresentar de maneira diferente em cada pessoa.<\/p>\n\n\n\n<p>E n\u00e3o existe uma \u00fanica forma para o suporte ao autismo.<\/p>\n\n\n\n<p>Ent\u00e3o, para se tornar um especialista em autismo \u00e9 necess\u00e1rio ter capacidade de avaliar o tipo de ajuda que cada pessoa com TEA necessita.<\/p>\n\n\n\n<p>Mas para ser um especialista um autismo \u00e9 preciso:<\/p>\n\n\n\n<ul class=\"wp-block-list\">\n<li>Mediar as rela\u00e7\u00f5es no \u00e2mbito de suas rotinas di\u00e1rias, inclusive autocuidado e autonomia<\/li>\n\n\n\n<li>Mediar as rela\u00e7\u00f5es sociais e familiares do TEA<\/li>\n\n\n\n<li>Entender os limites e possibilidades para desenvolver o potencial do TEA<\/li>\n<\/ul>\n\n\n\n<p>\u00a0Por isso, o ideal \u00e9 realizar um <a href=\"https:\/\/www.unovacursos.com.br\/curso\/cursos-gratuito-de-autismo\" target=\"_blank\" rel=\"noreferrer noopener\">Curso de Transtorno do Espectro Autista<\/a> na Unova Cursos.<\/p>\n\n\n\n<p><a href=\"https:\/\/www.unovacursos.com.br\/curso\/cursos-gratuito-de-autismo\" target=\"_blank\" rel=\"noreferrer noopener\">https:\/\/www.unovacursos.com.br\/curso\/cursos-gratuito-de-autismo<\/a><\/p>\n\n\n\n<h2 class=\"wp-block-heading\">6. Como \u00e9 o Curso de Transtorno do Espectro Autista da Unova Cursos?<\/h2>\n\n\n\n<p>O Curso de Transtorno do Espectro Autista na Unova Cursos, \u00e9 totalmente online.<\/p>\n\n\n\n<p>E n\u00e3o precisa ficar preocupado.<\/p>\n\n\n\n<p>Os cursos online gratuitos da Unova Cursos, s\u00e3o respaldados pela Lei n\u00ba 9394\/1996 \u2013 Lei de Diretrizes e Bases da Educa\u00e7\u00e3o Nacional \u2013 e s\u00e3o v\u00e1lidos em todo territ\u00f3rio nacional.<\/p>\n\n\n\n<p>A Unova fornece todo o material did\u00e1tico online, que fica dispon\u00edvel tanto para acesso quanto para download por tempo indeterminado.<\/p>\n\n\n\n<p><strong>O curso online possui o mesmo peso de um curso presencial, mas com a comodidade e estrat\u00e9gia de estudar at\u00e9 mesmo offline, onde e quando quiser.<\/strong><\/p>\n\n\n\n<p>A carga hor\u00e1ria do curso \u00e9 de 50 horas e no conte\u00fado program\u00e1tico do curso, voc\u00ea vai aprender:<\/p>\n\n\n\n<ul class=\"wp-block-list\">\n<li>As condi\u00e7\u00f5es de sa\u00fade psicol\u00f3gica de crian\u00e7as autistas<\/li>\n\n\n\n<li>Os cuidados<\/li>\n\n\n\n<li>Como seguir os tratamentos<\/li>\n\n\n\n<li>Como interagir com a crian\u00e7a<\/li>\n\n\n\n<li>Li\u00e7\u00f5es essenciais para sa\u00fade e bem-estar<\/li>\n\n\n\n<li>Dentre outros assuntos<\/li>\n<\/ul>\n\n\n\n<h2 class=\"wp-block-heading\">7. Quem pode fazer o Curso de Transtorno Espectro do Autista?<strong>&nbsp;<\/strong><\/h2>\n\n\n\n<figure class=\"wp-block-image aligncenter size-full\"><img loading=\"lazy\" decoding=\"async\" width=\"800\" height=\"562\" src=\"https:\/\/www.unovacursos.com.br\/blog\/wp-content\/uploads\/2023\/01\/Curso-de-Transtorno-Espectro-do-Autista-1.jpg\" alt=\"Curso de Transtorno Espectro do Autista\" class=\"wp-image-3392\"\/><\/figure>\n\n\n\n<p>N\u00e3o h\u00e1 exig\u00eancia de escolaridade ou idade m\u00ednima para fazer o curso.<\/p>\n\n\n\n<p>Dessa forma, todos os interessados no tema podem realizar o curso, sobretudo, os profissionais das \u00e1reas abaixo:<\/p>\n\n\n\n<ul class=\"wp-block-list\">\n<li>Educa\u00e7\u00e3o<\/li>\n\n\n\n<li>Pedagogia<\/li>\n\n\n\n<li>Psicologia<\/li>\n\n\n\n<li>Servi\u00e7o Social<\/li>\n\n\n\n<li>Fonoaudiologia<\/li>\n\n\n\n<li>Terapia Ocupacional<\/li>\n\n\n\n<li>Neurologia<\/li>\n\n\n\n<li>Psiquiatria<\/li>\n<\/ul>\n\n\n\n<h3 class=\"wp-block-heading\">Qual \u00e9 o mercado de trabalho para quem faz o curso de transtorno do espectro autista?<\/h3>\n\n\n\n<p>Essa qualifica\u00e7\u00e3o \u00e9 usada majoritariamente por pais de crian\u00e7as autistas e por professores de crian\u00e7as especiais, mas tamb\u00e9m pode ser utilizada por cuidadoras em geral.&nbsp;<\/p>\n\n\n\n<p>De acordo com o portal Vagas, o sal\u00e1rio de um pedagogo de crian\u00e7as especiais \u00e9, em m\u00e9dia, <a href=\"https:\/\/www.vagas.com.br\/cargo\/professora-de-educacao-especial\" target=\"_blank\" rel=\"noreferrer noopener\"><strong>R$ 2.597<\/strong><\/a><strong>,00<\/strong><\/p>\n\n\n\n<p>Se voc\u00ea se interessa por cuidados de crian\u00e7as especiais ou \u00e9 pai ou m\u00e3e de uma crian\u00e7a TEA, conhe\u00e7a mais sobre\u00a0 o <a href=\"https:\/\/www.unovacursos.com.br\/curso\/cursos-gratuito-de-autismo\">Curso de Transtorno do Espectro Autista<\/a> para compreender mais sobre esse transtorno, clicando aqui:<\/p>\n\n\n\n<p><a href=\"https:\/\/www.unovacursos.com.br\/curso\/cursos-gratuito-de-autismo\">https:\/\/www.unovacursos.com.br\/curso\/cursos-gratuito-de-autismo<\/a><\/p>\n\n\n\n<h4 class=\"wp-block-heading\">Qual o papel do professor no tratamento da crian\u00e7a com espectro autista?<\/h4>\n\n\n\n<p>A resposta \u00e9 simples!!<\/p>\n\n\n\n<p>O professor com forma\u00e7\u00e3o em educa\u00e7\u00e3o especial, vai auxiliar na constru\u00e7\u00e3o da cidadania e forma\u00e7\u00e3o da identidade das crian\u00e7as.<\/p>\n\n\n\n<p>Em alguns casos, o autismo pode apresentar defici\u00eancia intelectual e o pedagogo \u00e9 o profissional capacitado para o desenvolvimento escolar, levando em conta as necessidades espec\u00edficas das crian\u00e7as.<\/p>\n\n\n\n<p><strong>O professor com forma\u00e7\u00e3o em educa\u00e7\u00e3o especial, ir\u00e1 adequar as metodologias \u00e0s necessidades das crian\u00e7as.<\/strong><\/p>\n\n\n\n<p>O m\u00e9todo de ensino utilizado no Brasil \u00e9 o TEACCH \u2013 Tratamento e Educa\u00e7\u00e3o para Autistas e Crian\u00e7as com limita\u00e7\u00f5es, que visa propiciar um comportamento mais independente \u00e0s crian\u00e7as.<\/p>\n\n\n\n<p>Os autistas, necessitam de instru\u00e7\u00f5es claras e objetivas, por isso, a necessidade de um m\u00e9todo funcional que levar\u00e1 em conta os n\u00edveis de dificuldade e necessidade de suporte de cada crian\u00e7a.<\/p>\n\n\n\n<p>Os portadores do TEA possuem um n\u00edvel de aprendizagem mais lento e com maiores limita\u00e7\u00f5es.<\/p>\n\n\n\n<p>Viu a import\u00e2ncia dos professores e pedagogos no tratamento das crian\u00e7as com o transtorno espectro autismo?<\/p>\n\n\n\n<p>E se voc\u00ea ficou com alguma d\u00favida nesse assunto, \u00e9 s\u00f3 escrever l\u00e1 nos coment\u00e1rios que eu esclare\u00e7o t\u00e1 bom?<\/p>\n\n\n\n<h2 class=\"wp-block-heading\">8. Por que fazer o Curso de Transtorno Espectro Autista na Unova Cursos?<\/h2>\n\n\n\n<figure class=\"wp-block-image aligncenter size-full\"><img loading=\"lazy\" decoding=\"async\" width=\"612\" height=\"417\" src=\"https:\/\/www.unovacursos.com.br\/blog\/wp-content\/uploads\/2023\/01\/Unova-Cursos.jpg\" alt=\"Unova Cursos\" class=\"wp-image-3393\"\/><figcaption class=\"wp-element-caption\">Illustration of computer, light bulb, stack of books, table lamp, cup, pencil, watch, graduate&#8217;s hat, web page, magnifying glass. 3d render<\/figcaption><\/figure>\n\n\n\n<p>Na Unova Cursos, o material 100% online poder\u00e1 ser acessado atrav\u00e9s de notebooks, tablets e smartphones.<\/p>\n\n\n\n<p>Os cursos s\u00e3o elaborados por profissionais qualificados, te dar\u00e3o uma vis\u00e3o mais real e objetiva do conte\u00fado apresentado.<\/p>\n\n\n\n<p>E tem mais!<\/p>\n\n\n\n<p>Voc\u00ea pode optar por emitir o seu certificado de conclus\u00e3o v\u00e1lido em todo territ\u00f3rio nacional.<\/p>\n\n\n\n<p>Ao escolher o curso de transtorno do espectro autista da Unova Cursos, voc\u00ea poder\u00e1:<\/p>\n\n\n\n<ul class=\"wp-block-list\">\n<li>Turbinar o seu curr\u00edculo<\/li>\n\n\n\n<li>Obter as horas extracurriculares para a gradua\u00e7\u00e3o<\/li>\n\n\n\n<li>Elevar o seu n\u00edvel de aprendizado<\/li>\n\n\n\n<li>Comprovar que voc\u00ea est\u00e1 atualizado para o mercado de trabalho<\/li>\n<\/ul>\n\n\n\n<p>Os cursos online da Unova s\u00e3o uma \u00f3tima op\u00e7\u00e3o tanto para os jovens que est\u00e3o a procura do primeiro emprego ou profiss\u00e3o, ou para quem j\u00e1 atua no mercado de trabalho e quer ampliar os seus conhecimentos.<\/p>\n\n\n\n<p>Todos os cursos online da Unova possuem certificado de conclus\u00e3o v\u00e1lido em todo territ\u00f3rio nacional e emitidos em conformidade com a Lei n\u00ba 9.9394\/96.<\/p>\n\n\n\n<p>E a solicita\u00e7\u00e3o do certificado de conclus\u00e3o de curso \u00e9 opcional.<\/p>\n\n\n\n<p>E por falar nisso&#8230;<\/p>\n\n\n\n<h3 class=\"wp-block-heading\">Onde \u00e9 v\u00e1lido o certificado do curso de transtorno espectro autista online?<\/h3>\n\n\n\n<p>Com certificado reconhecido, os cursos online s\u00e3o excelentes ferramentas capazes de capacitar profissionais, atualizar conhecimentos e, claro, valorizar o curr\u00edculo.<\/p>\n\n\n\n<p>Saiba onde eles s\u00e3o v\u00e1lidos:<\/p>\n\n\n\n<ul class=\"wp-block-list\">\n<li>Educa\u00e7\u00e3o continuada<\/li>\n\n\n\n<li>Extens\u00e3o universit\u00e1ria<\/li>\n\n\n\n<li>&nbsp;Horas extracurriculares<\/li>\n\n\n\n<li>Titularidade para professores<\/li>\n\n\n\n<li>Ascens\u00e3o de carreira ou cargo<\/li>\n\n\n\n<li>Contagem de carga hor\u00e1ria para est\u00e1gio<\/li>\n\n\n\n<li>Comprova\u00e7\u00e3o de Prova de T\u00edtulo<\/li>\n\n\n\n<li>Enriquecimento de curr\u00edculo<\/li>\n\n\n\n<li>Concursos P\u00fablicos<\/li>\n\n\n\n<li>Avalia\u00e7\u00f5es para promo\u00e7\u00f5es internas nas empresas<\/li>\n<\/ul>\n\n\n\n<h4 class=\"wp-block-heading\">Porque \u00e9 importante fazer um curso com certificado?<\/h4>\n\n\n\n<p>Eu sei que pode parecer \u00f3bvio, mas o certificado \u00e9 o documento que vai reconhecer que o seu aprendizado foi adquirido e que voc\u00ea est\u00e1 apto a exercer determinada fun\u00e7\u00e3o.<\/p>\n\n\n\n<p>Na pr\u00e1tica, o certificado \u00e9 uma garantia que voc\u00ea possui um conhecimento mais aprofundado sobre determinado assunto, enquanto que para as empresas, o certificado \u00e9 um diferencial que poder\u00e1 se tornar uma oportunidade no concorrido mercado de trabalho.<\/p>\n\n\n\n<p>E n\u00e3o \u00e9 s\u00f3 isso.<\/p>\n\n\n\n<p>Veja a import\u00e2ncia de realizar um curso online com certificado online v\u00e1lido em todo territ\u00f3rio nacional:<\/p>\n\n\n\n<ul class=\"wp-block-list\">\n<li>Mostrar que voc\u00ea \u00e9 dedicado e interessado na \u00e1rea<\/li>\n\n\n\n<li>Comprovar que voc\u00ea \u00e9 um entendedor daquele assunto<\/li>\n\n\n\n<li>Agregar novos conhecimentos<\/li>\n<\/ul>\n\n\n\n<h4 class=\"wp-block-heading\">Os certificados de curso online precisam ser reconhecidos pelo MEC?<\/h4>\n\n\n\n<p>Outra d\u00favida muito comum \u00e9 sobre o reconhecimento dos cursos online. E, neste aspecto, temos uma informa\u00e7\u00e3o bem importante.<\/p>\n\n\n\n<p>O reconhecimento pelo MEC \u00e9 direcionado apenas aos cursos online regulares, como Educa\u00e7\u00e3o Infantil, Educa\u00e7\u00e3o B\u00e1sica, Gradua\u00e7\u00e3o e P\u00f3s-Gradua\u00e7\u00e3o.<\/p>\n\n\n\n<p><strong>Quando os cursos online s\u00e3o livres, apenas um certificado de conclus\u00e3o \u00e9 necess\u00e1rio, certificado este que ateste o conhecimento adquirido.<\/strong><\/p>\n\n\n\n<p>A prop\u00f3sito, os cursos livres online s\u00e3o respaldados pela Lei n\u00ba 9.394\/1996 (Lei de Diretrizes e Bases da Educa\u00e7\u00e3o Nacional), com validade em todo o territ\u00f3rio nacional.<\/p>\n\n\n\n<h2 class=\"wp-block-heading\">Conclus\u00e3o<\/h2>\n\n\n\n<p>Agora voc\u00ea j\u00e1 sabe o que \u00e9 preciso para ser um especialista em transtorno espectro do autista.<\/p>\n\n\n\n<p>Neste conte\u00fado voc\u00ea viu que o autismo pode se apresentar de maneira diferente em cada pessoa.<\/p>\n\n\n\n<p>E para se tornar um especialista em autismo \u00e9 necess\u00e1rio ter capacidade de avaliar o tipo de ajuda que cada pessoa com TEA necessita.<\/p>\n\n\n\n<p>Fico por aqui.<\/p>\n\n\n\n<p>Voc\u00ea ainda poder\u00e1 encontrar ainda mais de 450 cursos online gratuitos em nossa plataforma.<\/p>\n\n\n\n<p>Conte com a Unova para te ajudar! \ud83d\ude09<\/p>\n","protected":false},"excerpt":{"rendered":"<p>O transtorno do Espectro Autismo \u2013 TEA \u2013 \u00e9 um transtorno que afeta o desenvolvimento, habilidades de comunica\u00e7\u00e3o e intera\u00e7\u00e3o social. E apesar do n\u00famero&#8230;<\/p>\n","protected":false},"author":2,"featured_media":3388,"comment_status":"closed","ping_status":"open","sticky":false,"template":"","format":"standard","meta":{"footnotes":""},"categories":[197],"tags":[],"class_list":["post-3386","post","type-post","status-publish","format-standard","has-post-thumbnail","hentry","category-diversos"],"_links":{"self":[{"href":"https:\/\/www.unovacursos.com.br\/blog\/wp-json\/wp\/v2\/posts\/3386","targetHints":{"allow":["GET"]}}],"collection":[{"href":"https:\/\/www.unovacursos.com.br\/blog\/wp-json\/wp\/v2\/posts"}],"about":[{"href":"https:\/\/www.unovacursos.com.br\/blog\/wp-json\/wp\/v2\/types\/post"}],"author":[{"embeddable":true,"href":"https:\/\/www.unovacursos.com.br\/blog\/wp-json\/wp\/v2\/users\/2"}],"replies":[{"embeddable":true,"href":"https:\/\/www.unovacursos.com.br\/blog\/wp-json\/wp\/v2\/comments?post=3386"}],"version-history":[{"count":1,"href":"https:\/\/www.unovacursos.com.br\/blog\/wp-json\/wp\/v2\/posts\/3386\/revisions"}],"predecessor-version":[{"id":3394,"href":"https:\/\/www.unovacursos.com.br\/blog\/wp-json\/wp\/v2\/posts\/3386\/revisions\/3394"}],"wp:featuredmedia":[{"embeddable":true,"href":"https:\/\/www.unovacursos.com.br\/blog\/wp-json\/wp\/v2\/media\/3388"}],"wp:attachment":[{"href":"https:\/\/www.unovacursos.com.br\/blog\/wp-json\/wp\/v2\/media?parent=3386"}],"wp:term":[{"taxonomy":"category","embeddable":true,"href":"https:\/\/www.unovacursos.com.br\/blog\/wp-json\/wp\/v2\/categories?post=3386"},{"taxonomy":"post_tag","embeddable":true,"href":"https:\/\/www.unovacursos.com.br\/blog\/wp-json\/wp\/v2\/tags?post=3386"}],"curies":[{"name":"wp","href":"https:\/\/api.w.org\/{rel}","templated":true}]}}