{"id":3102,"date":"2022-06-27T15:00:55","date_gmt":"2022-06-27T18:00:55","guid":{"rendered":"https:\/\/www.unovacursos.com.br\/blog\/?p=3102"},"modified":"2022-08-03T10:49:55","modified_gmt":"2022-08-03T13:49:55","slug":"educacao-inclusiva","status":"publish","type":"post","link":"https:\/\/www.unovacursos.com.br\/blog\/educacao-inclusiva","title":{"rendered":"Educa\u00e7\u00e3o Inclusiva: Objetivo, import\u00e2ncia e como proporcionar"},"content":{"rendered":"\n<p>Cada vez mais a <a href=\"https:\/\/lumaensino.com.br\/blog\/entenda-por-que-a-educacao-inclusiva-e-importante-para-todos-os-estudantes\/\" target=\"_blank\" rel=\"noreferrer noopener\">inclus\u00e3o <\/a>tem sido um tema presente na vida de todos n\u00f3s por conta de v\u00e1rios motivos, mas sem d\u00favidas, o aspecto educacional \u00e9 o que mais precisa de aten\u00e7\u00e3o para que a sociedade realmente seja inclusiva na sua plenitude.<\/p>\n\n\n\n<p>Por isso que a educa\u00e7\u00e3o inclusiva tem sido um dos campos de estudo que mais cresce, devido a relev\u00e2ncia do tema, at\u00e9 porque n\u00e3o d\u00e1 mais para pessoas que portam alguma defici\u00eancia f\u00edsica ou mental fiquem para tr\u00e1s na sua forma\u00e7\u00e3o educacional.<\/p>\n\n\n\n<p>Ent\u00e3o, para te ajudar a entender melhor a import\u00e2ncia do tema e como voc\u00ea pode se qualificar para proporcionar uma educa\u00e7\u00e3o inclusiva para aqueles que precisam, desenvolvemos esse artigo falando tudo sobre o assunto.<\/p>\n\n\n\n<p>Confira com aten\u00e7\u00e3o e boa leitura.<\/p>\n\n\n\n<figure class=\"wp-block-image size-full\"><img loading=\"lazy\" decoding=\"async\" width=\"1024\" height=\"610\" src=\"https:\/\/www.unovacursos.com.br\/blog\/wp-content\/uploads\/2022\/06\/educacao-inclusive-o-que-e.jpg\" alt=\"educa\u00e7\u00e3o inclusiva o que \u00e9\" class=\"wp-image-3105\"\/><\/figure>\n\n\n\n<h2 class=\"wp-block-heading\"><strong>O que \u00e9 a educa\u00e7\u00e3o inclusiva?<\/strong><strong><\/strong><\/h2>\n\n\n\n<p>Basicamente, a educa\u00e7\u00e3o inclusiva \u00e9 uma metodologia de ensino que visa a igualdade dentro da escolariza\u00e7\u00e3o de crian\u00e7as e adultos, e a partir disso, \u00e9 estabelecida uma forma para todos possam ter direito a uma boa educa\u00e7\u00e3o independentemente das limita\u00e7\u00f5es.<\/p>\n\n\n\n<p>Ao inv\u00e9s de segregar alunos por suas diferen\u00e7as, a ideia da educa\u00e7\u00e3o inclusiva \u00e9 valorizar as qualidades de cada um, incorporando as particularidades de cada um para criar um ambiente de conviv\u00eancia mais plural.<\/p>\n\n\n\n<p>Com isso, al\u00e9m de promover uma boa educa\u00e7\u00e3o para portadores de defici\u00eancias, a proposta tamb\u00e9m colabora para uma maior toler\u00e2ncia, pois passa-se a compreender que apesar das diferen\u00e7as, todos t\u00eam capacidade e atributos para aprender.<\/p>\n\n\n\n<p>\u00c9 importante dizer tamb\u00e9m que a educa\u00e7\u00e3o inclusiva \u00e9 igualit\u00e1ria ao fornecer condi\u00e7\u00f5es para todos se desenvolverem, por\u00e9m, o modelo contempla a diversidade de cada indiv\u00edduo, reconhecendo que h\u00e1 diferentes etnias, classes sociais e g\u00eaneros.<\/p>\n\n\n\n<p>Cabe a essa modalidade de educa\u00e7\u00e3o tamb\u00e9m integrar as culturas, hist\u00f3ria de vida e capacidade de cada aluno para criar uma ambiente de conv\u00edvio harm\u00f4nico para um aprendizado mais eficiente.<\/p>\n\n\n\n<h2 class=\"wp-block-heading\"><strong>Qual \u00e9 o objetivo da educa\u00e7\u00e3o inclusiva?<\/strong><\/h2>\n\n\n\n<p>O principal objetivo da educa\u00e7\u00e3o inclusiva \u00e9 criar um ambiente de igualdade com possibilidades e oportunidades para todos possam ter acesso a uma educa\u00e7\u00e3o de qualidade e que considere as particularidades de cada indiv\u00edduo.<\/p>\n\n\n\n<p>Dessa forma, \u00e9 poss\u00edvel que portadores de defici\u00eancias f\u00edsicas ou mentais, por exemplo, possam de fato se qualificar atrav\u00e9s de uma educa\u00e7\u00e3o eficiente e assim possam conviver ativamente em sociedade, contribuindo da forma que desejarem no cen\u00e1rio acad\u00eamico.<\/p>\n\n\n\n<h2 class=\"wp-block-heading\"><strong>Como funciona a educa\u00e7\u00e3o inclusiva?<\/strong><strong><\/strong><\/h2>\n\n\n\n<p>Antes chamada de educa\u00e7\u00e3o especial, hoje o termo educa\u00e7\u00e3o inclusiva \u00e9 mais assertivo para se referir ao que essa metodologia de ensino busca promover, que n\u00e3o \u00e9 mais apenas algo voltado a indiv\u00edduos com alguma limita\u00e7\u00e3o ou defici\u00eancia.<\/p>\n\n\n\n<p>Atualmente a metodologia \u00e9 voltada para criar uma ambiente de inclus\u00e3o em todos os aspectos onde os alunos convivem em harmonia e socializam entre si.<\/p>\n\n\n\n<p>Contudo, as diferen\u00e7as s\u00e3o respeitadas e \u00e9 considerado que cada um precisa de uma aten\u00e7\u00e3o especial em caso de limita\u00e7\u00f5es, mesmo assim, ainda est\u00e3o tendo oportunidades iguais de acesso a conte\u00fado educativo.<\/p>\n\n\n\n<h2 class=\"wp-block-heading\"><strong>Quais s\u00e3o os pilares da educa\u00e7\u00e3o inclusiva?<\/strong><strong><\/strong><\/h2>\n\n\n\n<p>A constru\u00e7\u00e3o de uma educa\u00e7\u00e3o inclusiva atende a 5 pilares b\u00e1sicos que v\u00e3o fazer com que os educadores possam se manter firmes ao prop\u00f3sito de promover uma educa\u00e7\u00e3o acess\u00edvel a todos os alunos independente das suas limita\u00e7\u00f5es f\u00edsicas e mentais.<\/p>\n\n\n\n<p>Portanto, vamos conhecer quais s\u00e3o essas 5 pilares:<\/p>\n\n\n\n<ol class=\"wp-block-list\"><li><strong>Todo mundo tem direito de ter acesso a educa\u00e7\u00e3o<\/strong><\/li><\/ol>\n\n\n\n<p>Ou seja, toda pessoa deve ser ensinada de forma igual independentemente dos desafios que ir\u00e1 encontrar para concluir o aprendizado.<\/p>\n\n\n\n<ol class=\"wp-block-list\" start=\"2\"><li><strong>Todo mundo \u00e9 capaz de aprender<\/strong><\/li><\/ol>\n\n\n\n<p>Sem distin\u00e7\u00e3o, todo e qualquer indiv\u00edduo tem capacidade para adquirir aprendizados, a diferen\u00e7a \u00e9 que os caminhos a percorrer ser\u00e3o mais ou menos dif\u00edceis a depender das limita\u00e7\u00f5es de cada um.<\/p>\n\n\n\n<ol class=\"wp-block-list\" start=\"3\"><li><strong>Cada um aprende de um jeito<\/strong><\/li><\/ol>\n\n\n\n<p>Apesar da aplica\u00e7\u00e3o de m\u00e9todos de ensino universais e padronizados, cada pessoa pode apresentar particularidades para assimilar algum conte\u00fado e isso tem de ser considerado.<\/p>\n\n\n\n<p>Por isso, o educador que visa promover a inclus\u00e3o precisa ter diferentes estrat\u00e9gias para aplicar com diferentes alunos.<\/p>\n\n\n\n<ol class=\"wp-block-list\" start=\"4\"><li><strong>Conviv\u00eancia no ambiente escolar \u00e9 ben\u00e9fica<\/strong><\/li><\/ol>\n\n\n\n<p>Foi se o tempo em que se segregam portadores de defici\u00eancia, pois isso n\u00e3o era positivo para nenhuma das partes, pelo contr\u00e1rio, s\u00f3 promovia avers\u00e3o, preconceito e atraso no aprendizado.<\/p>\n\n\n\n<p>Por isso, um dos pilares hoje \u00e9 promover essa conviv\u00eancia harm\u00f4nica no ambiente escolar para que todos aprendam e cres\u00e7am juntos, cada um a seu modo.<\/p>\n\n\n\n<ol class=\"wp-block-list\" start=\"5\"><li><strong>A educa\u00e7\u00e3o inclusiva compete a todos<\/strong><\/li><\/ol>\n\n\n\n<p>Incluir \u00e9 agregar, portanto, engloba pessoas com defici\u00eancia de todos os tipos mas tamb\u00e9m abrange todas as diferen\u00e7as, sejam elas \u00e9tnicas, culturais, religiosas, mentais, sexuais e o que mais existir.<\/p>\n\n\n\n<h2 class=\"wp-block-heading\"><strong>Qual \u00e9 a import\u00e2ncia da educa\u00e7\u00e3o inclusiva?<\/strong><strong><\/strong><\/h2>\n\n\n\n<p>Pensando em sociedade, a educa\u00e7\u00e3o inclusiva \u00e9 important\u00edssima para que se forme indiv\u00edduos mais tolerantes e abertos a aceitarem as diferen\u00e7as de seus pares, sejam elas quais forem.<\/p>\n\n\n\n<p>E para os portadores de defici\u00eancia sua import\u00e2ncia \u00e9 ainda maior pois permite que possam ter uma viv\u00eancia em grupo experienciando v\u00e1rias situa\u00e7\u00f5es coletivas e ainda adquirindo a educa\u00e7\u00e3o necess\u00e1ria para se tornar um cidad\u00e3o funcional.<\/p>\n\n\n\n<figure class=\"wp-block-image size-full\"><img loading=\"lazy\" decoding=\"async\" width=\"1024\" height=\"853\" src=\"https:\/\/www.unovacursos.com.br\/blog\/wp-content\/uploads\/2022\/06\/educacao-inclusive-vantagens.jpg\" alt=\"educa\u00e7\u00e3o inclusiva vantagens\" class=\"wp-image-3106\"\/><\/figure>\n\n\n\n<h2 class=\"wp-block-heading\"><strong>Vantagens da educa\u00e7\u00e3o inclusiva<\/strong><strong><\/strong><\/h2>\n\n\n\n<p>Essa metodologia de ensino promove muitas vantagens para o ambiente escolar n\u00e3o s\u00f3 para portadores de defici\u00eancia, pois promove muitos ganhos quanto a socializa\u00e7\u00e3o e no desenvolvimento<a href=\"https:\/\/www.unovacursos.com.br\/blog\/como-dominar-a-inteligencia-emocional\" target=\"_blank\" rel=\"noreferrer noopener\"> emocional<\/a> durante a conviv\u00eancia.<\/p>\n\n\n\n<h2 class=\"wp-block-heading\"><strong>Os desafios da educa\u00e7\u00e3o inclusiva?<\/strong><strong><\/strong><\/h2>\n\n\n\n<p>Assim como outros setores, a educa\u00e7\u00e3o inclusiva no Brasil tem que passar por muitas barreiras para que possa cumprir com seus objetivos.<\/p>\n\n\n\n<p>O primeiro obst\u00e1culo \u00e9 a falta de recurso destinado para que as escolas possam adaptar sua estrutura para serem mais inclusivas, mas n\u00e3o para por a\u00ed.<\/p>\n\n\n\n<p>A falta de forma\u00e7\u00e3o dos educadores tamb\u00e9m \u00e9 um entrave, pois apesar de n\u00e3o serem obrigados a terem qualquer especializa\u00e7\u00e3o no assunto, seria muito mais produtivo que tivessem.<\/p>\n\n\n\n<p>Por isso que muitas fam\u00edlias que t\u00eam indiv\u00edduos com alguma defici\u00eancia procuram escolas particulares especializadas pois j\u00e1 entendem a import\u00e2ncia dessa conviv\u00eancia harm\u00f4nica com seus pares.<\/p>\n\n\n\n<p>Por fim, um dos maiores desafios que a educa\u00e7\u00e3o inclusiva enfrenta, sem sombra de d\u00favidas \u00e9 a falta de <a href=\"https:\/\/www.unovacursos.com.br\/blog\/vocacao-profissional\" target=\"_blank\" rel=\"noreferrer noopener\">profissionais<\/a> qualificados para implementar a metodologia de forma eficiente.<\/p>\n\n\n\n<figure class=\"wp-block-image size-full\"><img loading=\"lazy\" decoding=\"async\" width=\"1024\" height=\"683\" src=\"https:\/\/www.unovacursos.com.br\/blog\/wp-content\/uploads\/2022\/06\/educacao-inclusive-como-proporcionar.jpg\" alt=\"educa\u00e7\u00e3o inclusiva como proporcionar\" class=\"wp-image-3104\"\/><\/figure>\n\n\n\n<h2 class=\"wp-block-heading\"><strong>Como proporcionar uma educa\u00e7\u00e3o inclusiva aos alunos?<\/strong><strong><\/strong><\/h2>\n\n\n\n<p>J\u00e1 \u00e9 poss\u00edvel se especializar na metodologia correta para aplicar a educa\u00e7\u00e3o inclusiva de forma eficiente, inclusive, voc\u00ea pode <a href=\"https:\/\/www.unovacursos.com.br\/blog\/como-estudar-em-casa\" target=\"_blank\" rel=\"noreferrer noopener\">estudar sem sair de casa.<\/a><\/p>\n\n\n\n<p>Pensando em ser inclusivos e democratizar o acesso a essa qualifica\u00e7\u00e3o t\u00e3o necess\u00e1ria que a <strong><a href=\"https:\/\/www.unovacursos.com.br\/curso\/educacao-inclusiva\" target=\"_blank\" rel=\"noreferrer noopener\">Unova Cursos t\u00eam uma forma\u00e7\u00e3o em educa\u00e7\u00e3o inclusiva 100% online e totalmente gratuita.<\/a><\/strong><\/p>\n\n\n\n<p>Vale a pena conhecer a grade do curso e se qualificar, pois essa metodologia pode ser produtiva para todos os aspectos da sua vida.<\/p>\n","protected":false},"excerpt":{"rendered":"<p>Implementar a educa\u00e7\u00e3o inclusiva \u00e9 algo importante para que tenhamos uma sociedade mais igualit\u00e1ria, e para isso, precisa-se de profissionais qualificados. Conhe\u00e7a mais sobre.<\/p>\n","protected":false},"author":2,"featured_media":3103,"comment_status":"open","ping_status":"open","sticky":false,"template":"","format":"standard","meta":{"footnotes":""},"categories":[34],"tags":[],"class_list":["post-3102","post","type-post","status-publish","format-standard","has-post-thumbnail","hentry","category-educacao"],"_links":{"self":[{"href":"https:\/\/www.unovacursos.com.br\/blog\/wp-json\/wp\/v2\/posts\/3102","targetHints":{"allow":["GET"]}}],"collection":[{"href":"https:\/\/www.unovacursos.com.br\/blog\/wp-json\/wp\/v2\/posts"}],"about":[{"href":"https:\/\/www.unovacursos.com.br\/blog\/wp-json\/wp\/v2\/types\/post"}],"author":[{"embeddable":true,"href":"https:\/\/www.unovacursos.com.br\/blog\/wp-json\/wp\/v2\/users\/2"}],"replies":[{"embeddable":true,"href":"https:\/\/www.unovacursos.com.br\/blog\/wp-json\/wp\/v2\/comments?post=3102"}],"version-history":[{"count":2,"href":"https:\/\/www.unovacursos.com.br\/blog\/wp-json\/wp\/v2\/posts\/3102\/revisions"}],"predecessor-version":[{"id":3205,"href":"https:\/\/www.unovacursos.com.br\/blog\/wp-json\/wp\/v2\/posts\/3102\/revisions\/3205"}],"wp:featuredmedia":[{"embeddable":true,"href":"https:\/\/www.unovacursos.com.br\/blog\/wp-json\/wp\/v2\/media\/3103"}],"wp:attachment":[{"href":"https:\/\/www.unovacursos.com.br\/blog\/wp-json\/wp\/v2\/media?parent=3102"}],"wp:term":[{"taxonomy":"category","embeddable":true,"href":"https:\/\/www.unovacursos.com.br\/blog\/wp-json\/wp\/v2\/categories?post=3102"},{"taxonomy":"post_tag","embeddable":true,"href":"https:\/\/www.unovacursos.com.br\/blog\/wp-json\/wp\/v2\/tags?post=3102"}],"curies":[{"name":"wp","href":"https:\/\/api.w.org\/{rel}","templated":true}]}}