{"id":118,"date":"2018-02-22T09:50:58","date_gmt":"2018-02-22T12:50:58","guid":{"rendered":"https:\/\/www.fbvcursos.com\/blog\/?p=118"},"modified":"2018-02-22T17:42:44","modified_gmt":"2018-02-22T20:42:44","slug":"o-que-e-e-como-funciona-a-educacao-integral","status":"publish","type":"post","link":"https:\/\/www.unovacursos.com.br\/blog\/o-que-e-e-como-funciona-a-educacao-integral","title":{"rendered":"O Que \u00e9 e Como Funciona a Educa\u00e7\u00e3o Integral?"},"content":{"rendered":"<p>Ol\u00e1, leitor!<\/p>\n<div id=\"article_content\">\n<p><em>O Que \u00e9 e Como Funciona a Educa\u00e7\u00e3o Integral na pr\u00e1tica?<\/em><\/p>\n<p>A educa\u00e7\u00e3o integral \u00e9 o conceito de educa\u00e7\u00e3o que abrange o desenvolvimento global do sujeito em todas as dimens\u00f5es: cognitiva; est\u00e9tica; \u00e9tica; f\u00edsica; social; afetiva.<\/p>\n<p>Esta idealiza\u00e7\u00e3o da educa\u00e7\u00e3o focou-se na forma\u00e7\u00e3o de pessoas cr\u00edticas, conscientes, aut\u00f4nomas e respons\u00e1veis. Ele sugere a inclus\u00e3o porque ele valoriza a individualidade de cada pessoa. Prioridade de suas necessidades e expectativas, que podem ser alteradas dependendo do seu crescimento ou desenvolvimento.<\/p>\n<p>Nesta proposta de treinamento, os projetos interagem com o assunto, eles s\u00e3o contextualizados com a comunidade local. Garantir a intera\u00e7\u00e3o entre o assunto e a pr\u00e1tica educacional de acordo com a comunidade que est\u00e1 inserida.<\/p>\n<ul>\n<li>Se a escola presta grande aten\u00e7\u00e3o ao treinamento de gin\u00e1stica em sua grade usual, haver\u00e1 projetos que se combinam com a gin\u00e1stica, proporcionando o melhor desempenho dos alunos nesta modalidade;<\/li>\n<li>Se existe uma escola de samba na \u00e1rea: agentes locais podem promover a parceria com a escola, e haver\u00e1 uma aula de dan\u00e7a ou instrumentos da escola de samba. Pode at\u00e9 formar um pequeno grupo escolar.<\/li>\n<\/ul>\n<p><div class=\"fwx-yt-lazy\" data-embed=\"M0qilInew0o\" style=\"position:relative; cursor:pointer; width:100%; aspect-ratio:16\/9; background:#000 url(https:\/\/img.youtube.com\/vi\/M0qilInew0o\/hqdefault.jpg) center\/cover no-repeat; border-radius:8px; overflow:hidden; margin-bottom:20px; box-shadow: 0 4px 10px rgba(0,0,0,0.1);\"><div style=\"position:absolute; top:50%; left:50%; transform:translate(-50%,-50%); width:68px; height:48px; background:rgba(255,0,0,0.9); border-radius:14px; display:flex; justify-content:center; align-items:center; box-shadow: 0 4px 10px rgba(0,0,0,0.3);\"><svg width=\"24\" height=\"24\" viewBox=\"0 0 24 24\" fill=\"#ffffff\"><path d=\"M8 5v14l11-7z\"\/><\/svg><\/div><\/div><\/p>\n<p>Embora exista uma promo\u00e7\u00e3o da igualdade, reconhe\u00e7a o direito de todos. N\u00e3o estamos falando apenas de educa\u00e7\u00e3o, mas tamb\u00e9m de acesso \u00e0 educa\u00e7\u00e3o com v\u00e1rias l\u00ednguas; muitos recursos; <a href=\"https:\/\/www.fbvcursos.com\" target=\"_blank\" rel=\"noopener\">cursos online gratuitos<\/a>; em diferentes espa\u00e7os; com muitos conhecimentos e v\u00e1rios agentes.<\/p>\n<p>Ent\u00e3o, podemos confirmar que a educa\u00e7\u00e3o integral formula uma experi\u00eancia educacional diversificada que pode ser experimentada dentro e fora da escola. No entanto, sempre faz parte do desejo do professor de m\u00faltiplo treinamentos.<\/p>\n<p>No entanto, a manuten\u00e7\u00e3o da educa\u00e7\u00e3o integral \u00e9 uma tarefa constante para estores e secretarias da educa\u00e7\u00e3o. O programa MEC Mais Educa\u00e7\u00e3o oferece subs\u00eddios para a implementa\u00e7\u00e3o de educa\u00e7\u00e3o integrada em escolas p\u00fablicas. No entanto, ele defende a participa\u00e7\u00e3o da comunidade e atrav\u00e9s do Programa de Dinheiro Direto na Escola PDDE.<\/p>\n<p>Recordando que o PDDE permite a introdu\u00e7\u00e3o de um or\u00e7amento para educa\u00e7\u00e3o integral na escola, sendo administrado pela Associa\u00e7\u00e3o de Pais e Mestres e o Conselho da escola, juntamente com a equipe de gerenciamento da unidade.<\/p>\n<h2><strong> Como Funciona a Educa\u00e7\u00e3o Integral?<\/strong><\/h2>\n<p><img loading=\"lazy\" decoding=\"async\" class=\"alignnone size-full wp-image-129\" src=\"https:\/\/www.fbvcursos.com\/blog\/wp-content\/uploads\/2018\/02\/Educa\u00e7\u00e3o-Integral-1.jpg\" alt=\"\" width=\"901\" height=\"550\" \/><\/p>\n<p>Em primeiro lugar, vamos entender este projeto educacional que visa: ampliar as oportunidades educacionais dos alunos com a expans\u00e3o do per\u00edodo escolar. Inicialmente, as prioridades dos alunos com vulnerabilidade social. No entanto, hoje temos uma demanda de pais que trabalham e ficam o dia inteiro na rua, e as crian\u00e7as ficam com\u00a0 terceiros ou ficam sozinhos.<\/p>\n<p>A opera\u00e7\u00e3o \u00e9 vari\u00e1vel, capaz de ter dentro ou fora da escola de acordo com o espa\u00e7o dispon\u00edvel. Existem tamb\u00e9m v\u00e1rios especialistas envolvidos, tais como: Professores; estagi\u00e1rios; monitores; volunt\u00e1rios; e outros atores sociais.<\/p>\n<p>Geralmente, um grupo de trabalho cria projetos e semin\u00e1rios; Em outros casos, o secret\u00e1rio de educa\u00e7\u00e3o faz a escolha, criando semin\u00e1rios e agentes contratuais.<\/p>\n<p><strong>[captura]<\/strong><\/p>\n<p>O projeto de trabalho tem uma abordagem global que une diferentes conhecimentos. Assim, \u00e9 dada prefer\u00eancia \u00e0 participa\u00e7\u00e3o e os interesses de todos.<\/p>\n<p>Os semin\u00e1rios pedag\u00f3gicos contribuem para o ensino e a aprendizagem, ao abordar v\u00e1rias l\u00ednguas, facilita a experimenta\u00e7\u00e3o, estimula a intera\u00e7\u00e3o em todas as dimens\u00f5es.<\/p>\n<h3><strong> Vejamos Alguns Exemplos: <\/strong><\/h3>\n<ul>\n<li>Apoio pedag\u00f3gico: alfabetiza\u00e7\u00e3o, matem\u00e1tica, hist\u00f3ria e geografia, uma l\u00edngua estrangeira.<\/li>\n<li>Cultura, m\u00fasica e arte: semin\u00e1rios, tais como: avalia\u00e7\u00e3o de v\u00e1rios movimentos art\u00edsticos, dan\u00e7as ou fanfares e grupos<\/li>\n<li>Esportes e recrea\u00e7\u00e3o, que consistem em recrea\u00e7\u00e3o, lutas, xadrez, voleibol, handball, basquete, t\u00eanis, futebol, nata\u00e7\u00e3o atletismo, gin\u00e1stica r\u00edtmica e r\u00edtmica;<\/li>\n<li>Tecnologia e cibercultura, que inclui programa\u00e7\u00e3o, rob\u00f3tica, fotografia, r\u00e1dio escolar, v\u00eddeo<\/li>\n<li>Educa\u00e7\u00e3o ambiental, educa\u00e7\u00e3o para o desenvolvimento sustent\u00e1vel, tais como: compostagem, jardim escolar e jardim<\/li>\n<li>Direitos humanos e direito a Educa\u00e7\u00e3o<\/li>\n<\/ul>\n<h3><strong> Dire\u00e7\u00e3o\u00a0 Democr\u00e1tica no Funcionamento do Projeto <\/strong><\/h3>\n<p>Tendo em vista o fato de que os integrantes da forma\u00e7\u00e3o de um grupo educacional, o l\u00edder precisa promover reuni\u00f5es pedag\u00f3gicas, discuss\u00f5es e constru\u00e7\u00e3o coletiva de pedagogia do projeto escolar. E tamb\u00e9m o estabelecimento da organiza\u00e7\u00e3o do seu tempo, rela\u00e7\u00f5es e espa\u00e7os que podem ser utilizados pela educa\u00e7\u00e3o integral.<\/p>\n<p>A constru\u00e7\u00e3o de um projeto pol\u00edtico pedag\u00f3gico prev\u00ea o estabelecimento de rela\u00e7\u00f5es de parceria. Quando o gerenciamento compartilha responsabilidades e tomada de decis\u00f5es, o fardo torna-se mais f\u00e1cil.<\/p>\n<p>A educa\u00e7\u00e3o integral fornece um crit\u00e9rio de ades\u00e3o e determina que a escola deve ser capaz de organizar seus espa\u00e7os.<\/p>\n<p>O projeto tamb\u00e9m enfatiza que a prioridade no atendimento \u00e9 os alunos que distorcem a idade \/ ano escolar; corre\u00e7\u00e3o de fluxo; os benefici\u00e1rios do programa Bolsa Fam\u00edlia; v\u00edtimas de viol\u00eancia, maus-tratos ou trabalho infantil;<\/p>\n<p>Lembramos que, como em qualquer projeto, \u00e9 poss\u00edvel fazer ajustes e mudan\u00e7as quando necess\u00e1rio. ,<\/p>\n<p>Vejamos a efic\u00e1cia deste projeto educacional integral na cidade de S\u00e3o Paulo, que foi iniciado em 2009.<\/p>\n<h2><strong> Educa\u00e7\u00e3o Integral em Mogi das Cruzes <\/strong><\/h2>\n<p>Mogi das Cruzes \u00e9 uma cidade no estado de S\u00e3o Paulo, que fica a cerca de 70 quil\u00f4metros da capital de S\u00e3o Paulo. Foi fundada em 1 de setembro de 1560 pelos exploradores portugueses. \u00c9 considerada a maior cidade da regi\u00e3o Alto-Tiete, e de acordo com dados coletados em 2015, o munic\u00edpio tinha 424 633 habitantes.<\/p>\n<p>Como houve um crescimento significativo, ela precisava investir em educa\u00e7\u00e3o. Por esse motivo, o programa &#8220;Educa\u00e7\u00e3o Integral&#8221; foi implementado no in\u00edcio de 2009. O principal objetivo deste programa \u00e9 promover a educa\u00e7\u00e3o das crian\u00e7as atrav\u00e9s de uma educa\u00e7\u00e3o de qualidade.<\/p>\n<p>No in\u00edcio da proposta de educa\u00e7\u00e3o integral, havia quinhentos e quarenta alunos do primeiro e quarto s\u00e9rie de tr\u00eas escolas municipais. Foram estabelecidas parcerias com algumas secretarias municipais, tais como: esportes e lazer; o ambiente; sa\u00fade e promo\u00e7\u00e3o social.<\/p>\n<p>Cada parceiro contribuiu para algumas das atividades, projetos e programas desenvolvidos no Centro de Programas Educacionais Municipais (Cempre) do Dr. Ruth Cardoso, no Jardim Layr e nas escolas municipais do prof. Etelvina C\u00e1faro Salustiano, Conjunto Jefferson e Prof. Mario Portes, em Jundiapeba.<\/p>\n<p>Desde 2010, o programa foi ampliado e desenvolvido em quatorze escolas. Como resultado, ele contou com a participa\u00e7\u00e3o de cerca de cinco mil alunos que se juntaram ao per\u00edodo completo de tempo.<\/p>\n<p>As primeiras horas de servi\u00e7o das sete horas \u00e0s onze horas e trinta minutos na educa\u00e7\u00e3o ordin\u00e1ria; com semin\u00e1rios e projetos de meio dia \u00e0s dezesseis horas e trinta minutos. E o segundo de nove a uma hora com semin\u00e1rios e projetos; e educa\u00e7\u00e3o regular de uma hora a dezessete horas e trinta minutos<\/p>\n<h3><strong>Proposito da Educa\u00e7\u00e3o Integral Mogiana\u00a0<\/strong><\/h3>\n<p>Segundo a Secretaria Municipal de Educa\u00e7\u00e3o da cidade sua miss\u00e3o \u00e9 &#8220;promover a educa\u00e7\u00e3o integral em um per\u00edodo parcial ou integral com o objetivo de promover o desenvolvimento global da crian\u00e7a, ampliando seus horizontes&#8221;.<\/p>\n<p>A educa\u00e7\u00e3o integral fornece aulas estruturadas e supervisionadas pelo coordenador pedag\u00f3gico da escola e coordenadores de tempo integral. Al\u00e9m disso, professores dos semin\u00e1rios oferecem treinamento cont\u00ednuo.<\/p>\n<p>O objetivo principal \u00e9 fornecer in\u00fameras condi\u00e7\u00f5es para o pleno desenvolvimento dos estudantes. Se esfor\u00e7ando para garantir que os alunos tenham uma educa\u00e7\u00e3o global, aplicando suas habilidades, criando assim novas habilidades.<\/p>\n<p>Logo, os pais s\u00e3o tranquilos porque sabem que seus filhos est\u00e3o seguros, em condi\u00e7\u00f5es de confian\u00e7a sob a tutela e orienta\u00e7\u00e3o pedag\u00f3gica de uma equipe de profissionais com muitos recursos para o seu crescimento.<\/p>\n<p>Porque os alunos tamb\u00e9m contam cinco refei\u00e7\u00f5es por dia: caf\u00e9 da manh\u00e3, almo\u00e7o, lanches e jantar. Este alimento \u00e9 enriquecido e equilibrado, o seu card\u00e1pio \u00e9 cuidadosamente avaliado pela equipe &#8220;Merenda&#8221; sob a supervis\u00e3o de um nutricionista.<\/p>\n<p>Al\u00e9m das seguintes disciplinas de curr\u00edculos comuns a todas as escolas municipais, atividades culturais, esportivas e intelectuais. Atualmente, eles s\u00e3o desenvolvidos e implementados em parceria com as secretarias municipais de educa\u00e7\u00e3o, cultura, esportes e lazer, sa\u00fade, assist\u00eancia social, desenvolvimento econ\u00f4mico e social, transportes e meio ambiente.<\/p>\n<p>Mas eles tamb\u00e9m t\u00eam suporte para outras a\u00e7\u00f5es desenvolvidas por outras ag\u00eancias do governo municipal, estadual e federal, institui\u00e7\u00f5es privadas, associa\u00e7\u00f5es e organiza\u00e7\u00f5es n\u00e3o governamentais que tamb\u00e9m fazem parte deste programa educacional integral<\/p>\n<h2>Panorama Nacional da Educa\u00e7\u00e3o Integral<\/h2>\n<p>De acordo com o Minist\u00e9rio da Educa\u00e7\u00e3o e Cultura (MEC), houve um aumento significativo no atendimento de estudantes de tempo integral. Conforme podemos ver abaixo:<\/p>\n<ul>\n<li>Em 2008 eram 941.573 alunos em atividades previstas pelo SIMEC e em 2014 eram 8.309.309;<\/li>\n<li>Alunos com atividades complementares nas escolas em 2008 eram 510.569 alunos, j\u00e1 em 2013 eram 4.562.401 alunos;<\/li>\n<li>Alunos com tempo integral em 2008 eram 665.346 estudantes, j\u00e1 em 2013 eram 3.292.442 estudantes.<\/li>\n<\/ul>\n<p>Estes dados indicam um aumento no n\u00famero de alunos na escola, maiores oportunidades de treinamento, reduzindo o risco de viol\u00eancia contra um menor. Para as fam\u00edlias, este \u00e9 um lucro significativo, porque deixa seus filhos com pessoas treinadas e em seguran\u00e7a.<\/p>\n<\/div>\n<p>&nbsp;<\/p>\n<p>&nbsp;<\/p>\n","protected":false},"excerpt":{"rendered":"<p>Nesse artigo irei abordar sobre Educa\u00e7\u00e3o Integral o que \u00e9 e como funciona?  Vamos entender este projeto educacional que visa: ampliar as oportunidades educacionais dos alunos com a expans\u00e3o do per\u00edodo escolar.<\/p>\n","protected":false},"author":1,"featured_media":129,"comment_status":"open","ping_status":"open","sticky":false,"template":"","format":"standard","meta":{"footnotes":""},"categories":[34,59],"tags":[62,63,64],"class_list":["post-118","post","type-post","status-publish","format-standard","has-post-thumbnail","hentry","category-educacao","category-professores","tag-educacao-integral","tag-o-funcionamento-de-uma-educacao-integral","tag-professores-19459030"],"_links":{"self":[{"href":"https:\/\/www.unovacursos.com.br\/blog\/wp-json\/wp\/v2\/posts\/118","targetHints":{"allow":["GET"]}}],"collection":[{"href":"https:\/\/www.unovacursos.com.br\/blog\/wp-json\/wp\/v2\/posts"}],"about":[{"href":"https:\/\/www.unovacursos.com.br\/blog\/wp-json\/wp\/v2\/types\/post"}],"author":[{"embeddable":true,"href":"https:\/\/www.unovacursos.com.br\/blog\/wp-json\/wp\/v2\/users\/1"}],"replies":[{"embeddable":true,"href":"https:\/\/www.unovacursos.com.br\/blog\/wp-json\/wp\/v2\/comments?post=118"}],"version-history":[{"count":5,"href":"https:\/\/www.unovacursos.com.br\/blog\/wp-json\/wp\/v2\/posts\/118\/revisions"}],"predecessor-version":[{"id":136,"href":"https:\/\/www.unovacursos.com.br\/blog\/wp-json\/wp\/v2\/posts\/118\/revisions\/136"}],"wp:featuredmedia":[{"embeddable":true,"href":"https:\/\/www.unovacursos.com.br\/blog\/wp-json\/wp\/v2\/media\/129"}],"wp:attachment":[{"href":"https:\/\/www.unovacursos.com.br\/blog\/wp-json\/wp\/v2\/media?parent=118"}],"wp:term":[{"taxonomy":"category","embeddable":true,"href":"https:\/\/www.unovacursos.com.br\/blog\/wp-json\/wp\/v2\/categories?post=118"},{"taxonomy":"post_tag","embeddable":true,"href":"https:\/\/www.unovacursos.com.br\/blog\/wp-json\/wp\/v2\/tags?post=118"}],"curies":[{"name":"wp","href":"https:\/\/api.w.org\/{rel}","templated":true}]}}